{"id":1002,"date":"2026-01-14T12:03:32","date_gmt":"2026-01-14T11:03:32","guid":{"rendered":"https:\/\/ptgeogr.umcs.lublin.pl\/?p=1002"},"modified":"2026-01-14T12:03:34","modified_gmt":"2026-01-14T11:03:34","slug":"turystyka-rowerowa-na-roztoczu-stan-i-perspektywy-rozwoju","status":"publish","type":"post","link":"https:\/\/ptgeogr.umcs.lublin.pl\/index.php\/2026\/01\/14\/turystyka-rowerowa-na-roztoczu-stan-i-perspektywy-rozwoju\/","title":{"rendered":"Turystyka rowerowa na Roztoczu \u2013 stan i perspektywy rozwoju"},"content":{"rendered":"\n<p>Ju\u017c w <strong>czwartek, 15 stycznia 2026 r.<\/strong>, zapraszamy na kolejne spotkanie organizowane w ramach cyklu odczyt\u00f3w <strong>Oddzia\u0142u Lubelskiego Polskiego Towarzystwa Geograficznego<\/strong>. Naszym Prelegentem b\u0119dzie <strong>dr Tadeusz Grabowski<\/strong> (Roztocza\u0144ski Park Narodowy), kt\u00f3ry wyg\u0142osi odczyt pt. <strong>\u201eTurystyka rowerowa na Roztoczu \u2013 stan i perspektywy rozwoju\u201d<\/strong>.<\/p>\n\n\n\n<p>Na odczyt zapraszamy do <strong>Auli na Wydziale Nauk o Ziemi i Gospodarki Przestrzennej UMCS<\/strong> (al. Kra\u015bnicka 2D w Lublinie, I pi\u0119tro).<\/p>\n\n\n\n<p><strong>O prelekcji<\/strong><\/p>\n\n\n\n<p>Turystyka rowerowa na Roztoczu rozwija si\u0119 w ostatnich latach bardzo dynamicznie, przyci\u0105gaj\u0105c coraz szersze grono u\u017cytkownik\u00f3w tras o zr\u00f3\u017cnicowanym charakterze. Podczas prelekcji zaprezentowana zostanie diagnoza aktualnego stanu tej formy turystyki oraz jej perspektyw rozwoju, oparta na uwarunkowaniach przyrodniczych, historycznych i przestrzennych regionu, a tak\u017ce na praktycznych do\u015bwiadczeniach zwi\u0105zanych z jej wdra\u017caniem.<\/p>\n\n\n\n<p>Roztocze zostanie przedstawione jako region pogranicza przyrodniczo-kulturowego, kt\u00f3rego wysoka geor\u00f3\u017cnorodno\u015b\u0107 sprzyja rozwojowi turystyki rowerowej w r\u00f3\u017cnych wariantach \u2013 od rekreacyjnych po krajoznawcze i przyrodnicze. Szczeg\u00f3lna uwaga po\u015bwi\u0119cona b\u0119dzie <strong>Centralnemu Szlakowi Rowerowemu Roztocza<\/strong> jako kluczowemu produktowi turystycznemu, stanowi\u0105cemu g\u0142\u00f3wn\u0105 o\u015b komunikacyjn\u0105, do kt\u00f3rej dowi\u0105zywane s\u0105 lokalne trasy rowerowe.<\/p>\n\n\n\n<p>Centralny Szlak Rowerowy Roztocza, projektowany jako szlak bilateralny \u0142\u0105cz\u0105cy Kra\u015bnik ze Lwowem wzd\u0142u\u017c osi Roztocza, zostanie om\u00f3wiony tak\u017ce w kontek\u015bcie przyj\u0119tej standaryzacji rozwi\u0105za\u0144 oraz aktualnych uwarunkowa\u0144 geopolitycznych, kt\u00f3re wp\u0142ywaj\u0105 na jego funkcjonowanie i dost\u0119pno\u015b\u0107. W trakcie spotkania zaprezentowane zostan\u0105 r\u00f3wnie\u017c inicjatywy i projekty, dzi\u0119ki kt\u00f3rym Roztocze jest dzi\u015b rozpoznawalne na rowerowej mapie Polski, Ukrainy i Unii Europejskiej, w tym m.in. <strong>Green Velo<\/strong>, <strong>Bike Like Roztocze<\/strong> oraz <strong>Rowerowe Roztocze<\/strong>.<\/p>\n\n\n\n<p>Odczyt b\u0119dzie zarazem zaproszeniem do aktywnego poznawania Roztocza z perspektywy rowerowej oraz do odwiedzania <strong>J\u00f3zefowa<\/strong> \u2013 okre\u015blanego mianem rowerowej stolicy regionu.<\/p>\n\n\n\n<p><strong>O prelegencie<\/strong><\/p>\n\n\n\n<p><strong>dr Tadeusz Grabowski<\/strong> \u2013 geograf z wykszta\u0142cenia (UMCS), doktor nauk technicznych w zakresie in\u017cynierii \u015brodowiska. Z zami\u0142owania przyrodnik, turysta i aktywny propagator turystyki rowerowej. Wieloletni pracownik Roztocza\u0144ski Park Narodowy, w kt\u00f3rym obecnie pe\u0142ni funkcj\u0119 dyrektora.<\/p>\n\n\n\n<p>Organizator i popularyzator turystyki na Roztoczu, przewodnik turystyczny oraz wsp\u00f3\u0142tw\u00f3rca koncepcji tras rowerowych regionu, w tym Centralnego Szlaku Rowerowego Roztocza. Wsp\u00f3\u0142za\u0142o\u017cyciel i aktywny cz\u0142onek J\u00f3zefowskiej Kawalerii Rowerowej. Organizator i prowadz\u0105cy liczne rajdy oraz wyprawy rowerowe w Polsce, na Ukrainie i w innych krajach europejskich.<\/p>\n\n\n\n<p>Autor, wsp\u00f3\u0142autor i redaktor ponad 60 opracowa\u0144 naukowych oraz 35 publikacji popularnonaukowych, w tym przewodnik\u00f3w, informator\u00f3w i opracowa\u0144 kartograficznych. Wsp\u00f3\u0142autor dokument\u00f3w nominacyjnych, na podstawie kt\u00f3rych UNESCO powo\u0142a\u0142o w 2019 r. <strong>Rezerwat Biosfery Roztocze<\/strong> oraz <strong>Transgraniczny Rezerwat Biosfery Roztocze<\/strong>. Wsp\u00f3\u0142autor Planu Ochrony Roztocza\u0144skiego Parku Narodowego.<\/p>\n","protected":false},"excerpt":{"rendered":"<p>Ju\u017c w czwartek, 15 stycznia 2026 r., zapraszamy na kolejne spotkanie organizowane w ramach cyklu odczyt\u00f3w Oddzia\u0142u Lubelskiego Polskiego Towarzystwa [&hellip;]<\/p>\n","protected":false},"author":3,"featured_media":1003,"comment_status":"open","ping_status":"open","sticky":false,"template":"","format":"standard","meta":{"footnotes":""},"categories":[7],"tags":[],"class_list":["post-1002","post","type-post","status-publish","format-standard","has-post-thumbnail","hentry","category-odczyt"],"_links":{"self":[{"href":"https:\/\/ptgeogr.umcs.lublin.pl\/index.php\/wp-json\/wp\/v2\/posts\/1002","targetHints":{"allow":["GET"]}}],"collection":[{"href":"https:\/\/ptgeogr.umcs.lublin.pl\/index.php\/wp-json\/wp\/v2\/posts"}],"about":[{"href":"https:\/\/ptgeogr.umcs.lublin.pl\/index.php\/wp-json\/wp\/v2\/types\/post"}],"author":[{"embeddable":true,"href":"https:\/\/ptgeogr.umcs.lublin.pl\/index.php\/wp-json\/wp\/v2\/users\/3"}],"replies":[{"embeddable":true,"href":"https:\/\/ptgeogr.umcs.lublin.pl\/index.php\/wp-json\/wp\/v2\/comments?post=1002"}],"version-history":[{"count":1,"href":"https:\/\/ptgeogr.umcs.lublin.pl\/index.php\/wp-json\/wp\/v2\/posts\/1002\/revisions"}],"predecessor-version":[{"id":1004,"href":"https:\/\/ptgeogr.umcs.lublin.pl\/index.php\/wp-json\/wp\/v2\/posts\/1002\/revisions\/1004"}],"wp:featuredmedia":[{"embeddable":true,"href":"https:\/\/ptgeogr.umcs.lublin.pl\/index.php\/wp-json\/wp\/v2\/media\/1003"}],"wp:attachment":[{"href":"https:\/\/ptgeogr.umcs.lublin.pl\/index.php\/wp-json\/wp\/v2\/media?parent=1002"}],"wp:term":[{"taxonomy":"category","embeddable":true,"href":"https:\/\/ptgeogr.umcs.lublin.pl\/index.php\/wp-json\/wp\/v2\/categories?post=1002"},{"taxonomy":"post_tag","embeddable":true,"href":"https:\/\/ptgeogr.umcs.lublin.pl\/index.php\/wp-json\/wp\/v2\/tags?post=1002"}],"curies":[{"name":"wp","href":"https:\/\/api.w.org\/{rel}","templated":true}]}}