{"id":1005,"date":"2026-01-19T12:03:14","date_gmt":"2026-01-19T11:03:14","guid":{"rendered":"https:\/\/ptgeogr.umcs.lublin.pl\/?p=1005"},"modified":"2026-01-19T12:07:22","modified_gmt":"2026-01-19T11:07:22","slug":"za-dala-dal-mongolia-piekniejsza-niz-w-marzeniach","status":"publish","type":"post","link":"https:\/\/ptgeogr.umcs.lublin.pl\/index.php\/2026\/01\/19\/za-dala-dal-mongolia-piekniejsza-niz-w-marzeniach\/","title":{"rendered":"Za dal\u0105 dal &#8211; Mongolia pi\u0119kniejsza ni\u017c w marzeniach"},"content":{"rendered":"\n<p>W tym tygodniu zapraszamy na pokaz slajd\u00f3w i opowie\u015b\u0107 z podr\u00f3\u017cy do jednego z najbardziej niezwyk\u0142ych miejsc na Ziemi \u2014 Mongolii. Prelekcja <strong>Ma\u0142gorzaty Stanickiej<\/strong> <strong><em>&#8222;Za dal\u0105 dal &#8211; Mongolia pi\u0119kniejsza ni\u017c w marzeniach&#8221;<\/em><\/strong> odb\u0119dzie si\u0119 w ramach cotygodniowych Odczyt\u00f3w Oddzia\u0142u Lubelskiego Polskiego Towarzystwa Geograficznego (PTG) i jest realizowane we wsp\u00f3\u0142pracy z SKPB Lublin oraz\u00a0ACKiM UMCS Chatka \u017baka.<\/p>\n\n\n\n<p>Szczeg\u00f3\u0142y:<br><strong>\ud83d\udccd\u00a0Ma\u0142a Sala Widowiskowa ACKiM UMCS Chatka \u017baka<br>\ud83d\udcc5\u00a022 stycznia 2026<br>\ud83d\udd61\u00a0godz. 18:30<\/strong><br><br>Opis:<br>\ud83d\udc69\u200d\ud83d\udc69\u200d\ud83d\udc69\u00a0Kobieca wyprawa do wymarzonej od lat Mongolii, kt\u00f3ra odby\u0142a si\u0119 w terminie 27.07. &#8211; 21.08.2025. Trzy przyjaci\u00f3\u0142ki &#8211; Ewa, Irena i Ma\u0142gosia &#8211; przylecia\u0142y do U\u0142an Bator i, wraz z Degi oraz Temujinem i jego autem, wyruszy\u0142y w stepy i tajg\u0119. Dotar\u0142y na granic\u0119 z Rosj\u0105 w dolinie Selengi, nad Ma\u0142y Bajka\u0142 mongolski &#8211; jezioro Chubsugu\u0142, do serca historycznego Mongolii w Karakorum, na wydmy Ma\u0142ej Gobi, do Koni Przewalskiego w Parku Narodowym Hustai, pod Ska\u0142\u0119 \u017b\u00f3\u0142wia w Parku Narodowym Gorkhi-Tereld\u017c i na wulkan Uran Togoo. Zachwyci\u0142y si\u0119 tajg\u0105 modrzewiow\u0105 i pachn\u0105cymi stepami, stadami koni, jak\u00f3wi owiec, g\u00f3rami Chentej i klasztorami buddyjskimi. Mieszka\u0142y w namiocie i w prawdziwej jurcie, bez udogodnie\u0144 dla turyst\u00f3w, spojrza\u0142y na Mongoli\u0119 tak\u017ce z siod\u0142a. I planuj\u0105 powr\u00f3t do tego cudownego kraju.<\/p>\n\n\n\n<p><br>\ud83c\udf93&nbsp;Prelegentka &#8211; Ma\u0142gorzata Stanicka &#8211; jest geografk\u0105, przewodniczk\u0105 SKPB Lublin, pracuje na Wydziale Nauk o Ziemi i Gospodarki Przestrzennej UMCS i jest cz\u0142onkiem Oddzia\u0142u Lubelskiego PTG. Ma wspania\u0142e przyjaci\u00f3\u0142ki &#8211; Ew\u0119 i Iren\u0119, z kt\u00f3rymi by\u0142a m.in. w Gruzji, w Uzbekistanie i w Tybecie. I z kt\u00f3rymi marzy o powrocie do Mongolii.<\/p>\n","protected":false},"excerpt":{"rendered":"<p>W tym tygodniu zapraszamy na pokaz slajd\u00f3w i opowie\u015b\u0107 z podr\u00f3\u017cy do jednego z najbardziej niezwyk\u0142ych miejsc na Ziemi \u2014 [&hellip;]<\/p>\n","protected":false},"author":3,"featured_media":1006,"comment_status":"open","ping_status":"open","sticky":false,"template":"","format":"standard","meta":{"footnotes":""},"categories":[7],"tags":[],"class_list":["post-1005","post","type-post","status-publish","format-standard","has-post-thumbnail","hentry","category-odczyt"],"_links":{"self":[{"href":"https:\/\/ptgeogr.umcs.lublin.pl\/index.php\/wp-json\/wp\/v2\/posts\/1005","targetHints":{"allow":["GET"]}}],"collection":[{"href":"https:\/\/ptgeogr.umcs.lublin.pl\/index.php\/wp-json\/wp\/v2\/posts"}],"about":[{"href":"https:\/\/ptgeogr.umcs.lublin.pl\/index.php\/wp-json\/wp\/v2\/types\/post"}],"author":[{"embeddable":true,"href":"https:\/\/ptgeogr.umcs.lublin.pl\/index.php\/wp-json\/wp\/v2\/users\/3"}],"replies":[{"embeddable":true,"href":"https:\/\/ptgeogr.umcs.lublin.pl\/index.php\/wp-json\/wp\/v2\/comments?post=1005"}],"version-history":[{"count":1,"href":"https:\/\/ptgeogr.umcs.lublin.pl\/index.php\/wp-json\/wp\/v2\/posts\/1005\/revisions"}],"predecessor-version":[{"id":1007,"href":"https:\/\/ptgeogr.umcs.lublin.pl\/index.php\/wp-json\/wp\/v2\/posts\/1005\/revisions\/1007"}],"wp:featuredmedia":[{"embeddable":true,"href":"https:\/\/ptgeogr.umcs.lublin.pl\/index.php\/wp-json\/wp\/v2\/media\/1006"}],"wp:attachment":[{"href":"https:\/\/ptgeogr.umcs.lublin.pl\/index.php\/wp-json\/wp\/v2\/media?parent=1005"}],"wp:term":[{"taxonomy":"category","embeddable":true,"href":"https:\/\/ptgeogr.umcs.lublin.pl\/index.php\/wp-json\/wp\/v2\/categories?post=1005"},{"taxonomy":"post_tag","embeddable":true,"href":"https:\/\/ptgeogr.umcs.lublin.pl\/index.php\/wp-json\/wp\/v2\/tags?post=1005"}],"curies":[{"name":"wp","href":"https:\/\/api.w.org\/{rel}","templated":true}]}}