{"id":1051,"date":"2026-03-09T11:30:25","date_gmt":"2026-03-09T10:30:25","guid":{"rendered":"https:\/\/ptgeogr.umcs.lublin.pl\/?p=1051"},"modified":"2026-03-09T11:32:00","modified_gmt":"2026-03-09T10:32:00","slug":"przeglad-polskich-filmow-polarnych","status":"publish","type":"post","link":"https:\/\/ptgeogr.umcs.lublin.pl\/index.php\/2026\/03\/09\/przeglad-polskich-filmow-polarnych\/","title":{"rendered":"Przegl\u0105d Polskich Film\u00f3w Polarnych"},"content":{"rendered":"\n<p><strong>W dniu 12 marca br. o godz. 17.15<\/strong> zapraszamy na kolejne spotkanie przygotowane w ramach cotygodniowych spotka\u0144 organizowanych przez Oddzia\u0142 Lubelski Polskiego Towarzystwa Geograficznego. Tym razem b\u0119dzie mo\u017cna wzi\u0105\u0107 udzia\u0142 w wyj\u0105tkowym wydarzeniu \u2013 <strong>Przegl\u0105dzie Polskich Film\u00f3w Polarnych<\/strong>! Poszczeg\u00f3lne filmy poprzedzi s\u0142owo wst\u0119pne <strong>dr Grzegorza Gajka<\/strong> &#8211; lubelskiego polarnika, kt\u00f3ry kilkana\u015bcie razy uczestniczy\u0142 w wyprawach polarnych na Spitsbergenie, prowadz\u0105c tam badania naukowe.&nbsp;<\/p>\n\n\n\n<p><strong>Organizator wydarzenia w Lublinie:<\/strong> Oddzia\u0142 Lubelski Polskiego Towarzystwa Geograficznego oraz Polski Klub Polarny&nbsp;<\/p>\n\n\n\n<p><strong>Partnerzy:<\/strong> Filmoteka \u015al\u0105ska, Polska Stacja Antarktyczna im H. Arctowskiego, Polska Stacja Polarna Hornsund, Spitsbergen Artsists Center, Wytw\u00f3rnia Film\u00f3w O\u015bwiatowych<\/p>\n\n\n\n<p><strong>Patronat: <\/strong>Instytut Biochemii i Biofizyki PAN, Instytut Geofizyki PAN, Komitet Bada\u0144 Polarnych, Muzeum Bada\u0144 Polarnych, Polskie Konsorcjum Polarne, Polskie Towarzystwo Geograficzne, Svalbard Integrated Arctic Earth Observing System<\/p>\n\n\n\n<p><strong>Miejsce:<\/strong> Aula Wydzia\u0142u Nauk o Ziemi i Gospodarki Przestrzennej UMCS w Lublinie (1 pi\u0119tro)<\/p>\n\n\n\n<p><strong>Wst\u0119p wolny!<\/strong><\/p>\n\n\n\n<p>PROGRAM PRELEKCJI FILMOWYCH<\/p>\n\n\n\n<p>1. Ocala\u0142y fragment filmu pt. <strong>\u201eDo Ziemi Torella\u201d <\/strong>Witolda Biernawskiego przedstawia Pierwsz\u0105 Polsk\u0105 Wypraw\u0119 na Spitsbergen w 1934 roku. Do niedawna produkcja by\u0142a uwa\u017cana za zaginion\u0105. Kopia pierwszej szpuli tego filmu znajduje si\u0119 w archiwum Wytw\u00f3rni Film\u00f3w O\u015bwiatowych. By\u0142 prezentowany przed II wojn\u0105 \u015bwiatow\u0105 w\u015br\u00f3d ameryka\u0144skiej polonii w USA oraz w Norwegii.<\/p>\n\n\n\n<p>2. <strong>\u201eStacja Arctowski\u201d <\/strong>Ryszarda Czajkowskiego z 1977 roku \u2013 filmowy reporta\u017c z budowy Polskiej Stacji Antarktycznej na Wyspie Kr\u00f3la Jerzego.<\/p>\n\n\n\n<p>3. <strong>\u201eZimny L\u0105d\u201d<\/strong> Boles\u0142awa Kapu\u015bci\u0144skiego i Kazimierza B\u0142ahija \u2013 wspomnienie o Wyprawie Uniwersytetu \u015al\u0105skiego na Spitsbergen w 1983 roku. Materia\u0142 zeskanowany w Filmotece \u015al\u0105skiej.<\/p>\n\n\n\n<p>4. <strong>Fragmenty amatorskiego nagrania VHS z VII Wyprawy Polarnej UMCS na Spitsbergen z 1992 roku autorstwa Waldemara Jezierskiego.<\/strong><\/p>\n\n\n\n<p>Przegl\u0105d Polskich Film\u00f3w Polarnych powsta\u0142 w ramach statutowej dzia\u0142alno\u015bci Polski <a href=\"https:\/\/www.facebook.com\/profile.php?id=100064726237013&amp;__cft__%5b0%5d=AZYiKW5n8asyS0vweKOlmtGnYSqrDAInPSl5UhsvuwK_q7j6R2adyjF_zJ5XfXFPcQ825u4zBnBz0TdyJdj6n3BlGbzRQudq3hNXw1ZWVDyGTYJk18B9GwWU_QjFBRc_U_zIee0_BgZQwNak9zxuooObmeNiV1ENz27dhDQNPvPqYQ&amp;__tn__=-%5dK-R\"><strong>Klub Polarny PTG<\/strong><\/a>. Dzia\u0142amy spo\u0142ecznie, aby propagowa\u0107 badania naukowe w rejonach polarnych. Mi\u0119dzy r\u00f3\u017cnymi innymi projektami zamierzamy ratowa\u0107 od zapomnienia stare ta\u015bmy filmowe \u2013 r\u00f3wnie\u017c te amatorskie. Dzi\u0119ki nawi\u0105zanej wsp\u00f3\u0142pracy z <a href=\"https:\/\/www.facebook.com\/WytworniaFilmowOswiatowych?__cft__%5b0%5d=AZYiKW5n8asyS0vweKOlmtGnYSqrDAInPSl5UhsvuwK_q7j6R2adyjF_zJ5XfXFPcQ825u4zBnBz0TdyJdj6n3BlGbzRQudq3hNXw1ZWVDyGTYJk18B9GwWU_QjFBRc_U_zIee0_BgZQwNak9zxuooObmeNiV1ENz27dhDQNPvPqYQ&amp;__tn__=-%5dK-R\"><strong>Wytw\u00f3rnia Film\u00f3w O\u015bwiatowych<\/strong><\/a> i <a href=\"https:\/\/www.facebook.com\/SilesiaFilm?__cft__%5b0%5d=AZYiKW5n8asyS0vweKOlmtGnYSqrDAInPSl5UhsvuwK_q7j6R2adyjF_zJ5XfXFPcQ825u4zBnBz0TdyJdj6n3BlGbzRQudq3hNXw1ZWVDyGTYJk18B9GwWU_QjFBRc_U_zIee0_BgZQwNak9zxuooObmeNiV1ENz27dhDQNPvPqYQ&amp;__tn__=-%5dK-R\"><strong>Instytucja Filmowa SILESIA FILM<\/strong><\/a> (<a href=\"https:\/\/www.facebook.com\/filmotekaslaska?__cft__%5b0%5d=AZYiKW5n8asyS0vweKOlmtGnYSqrDAInPSl5UhsvuwK_q7j6R2adyjF_zJ5XfXFPcQ825u4zBnBz0TdyJdj6n3BlGbzRQudq3hNXw1ZWVDyGTYJk18B9GwWU_QjFBRc_U_zIee0_BgZQwNak9zxuooObmeNiV1ENz27dhDQNPvPqYQ&amp;__tn__=-%5dK-R\"><strong>Filmoteka \u015al\u0105ska<\/strong><\/a>) prawdopodobnie cz\u0119\u015b\u0107 film\u00f3w, jakie prezentujemy s\u0105 w jako\u015bci jakiej nie widzieli ich sami tw\u00f3rcy. Dzisiejsze technologie skanowania i wy\u015bwietlania daj\u0105 bowiem du\u017co wi\u0119ksze mo\u017cliwo\u015bci ni\u017c dawniej u\u017cywane sprz\u0119ty.<\/p>\n","protected":false},"excerpt":{"rendered":"<p>W dniu 12 marca br. o godz. 17.15 zapraszamy na kolejne spotkanie przygotowane w ramach cotygodniowych spotka\u0144 organizowanych przez Oddzia\u0142 [&hellip;]<\/p>\n","protected":false},"author":3,"featured_media":1052,"comment_status":"open","ping_status":"open","sticky":false,"template":"","format":"standard","meta":{"footnotes":""},"categories":[7],"tags":[],"class_list":["post-1051","post","type-post","status-publish","format-standard","has-post-thumbnail","hentry","category-odczyt"],"_links":{"self":[{"href":"https:\/\/ptgeogr.umcs.lublin.pl\/index.php\/wp-json\/wp\/v2\/posts\/1051","targetHints":{"allow":["GET"]}}],"collection":[{"href":"https:\/\/ptgeogr.umcs.lublin.pl\/index.php\/wp-json\/wp\/v2\/posts"}],"about":[{"href":"https:\/\/ptgeogr.umcs.lublin.pl\/index.php\/wp-json\/wp\/v2\/types\/post"}],"author":[{"embeddable":true,"href":"https:\/\/ptgeogr.umcs.lublin.pl\/index.php\/wp-json\/wp\/v2\/users\/3"}],"replies":[{"embeddable":true,"href":"https:\/\/ptgeogr.umcs.lublin.pl\/index.php\/wp-json\/wp\/v2\/comments?post=1051"}],"version-history":[{"count":1,"href":"https:\/\/ptgeogr.umcs.lublin.pl\/index.php\/wp-json\/wp\/v2\/posts\/1051\/revisions"}],"predecessor-version":[{"id":1053,"href":"https:\/\/ptgeogr.umcs.lublin.pl\/index.php\/wp-json\/wp\/v2\/posts\/1051\/revisions\/1053"}],"wp:featuredmedia":[{"embeddable":true,"href":"https:\/\/ptgeogr.umcs.lublin.pl\/index.php\/wp-json\/wp\/v2\/media\/1052"}],"wp:attachment":[{"href":"https:\/\/ptgeogr.umcs.lublin.pl\/index.php\/wp-json\/wp\/v2\/media?parent=1051"}],"wp:term":[{"taxonomy":"category","embeddable":true,"href":"https:\/\/ptgeogr.umcs.lublin.pl\/index.php\/wp-json\/wp\/v2\/categories?post=1051"},{"taxonomy":"post_tag","embeddable":true,"href":"https:\/\/ptgeogr.umcs.lublin.pl\/index.php\/wp-json\/wp\/v2\/tags?post=1051"}],"curies":[{"name":"wp","href":"https:\/\/api.w.org\/{rel}","templated":true}]}}