{"id":1055,"date":"2026-03-12T12:38:32","date_gmt":"2026-03-12T11:38:32","guid":{"rendered":"https:\/\/ptgeogr.umcs.lublin.pl\/?p=1055"},"modified":"2026-03-12T12:39:02","modified_gmt":"2026-03-12T11:39:02","slug":"sesja-terenowa-z-okazji-80-lecia-oddzialu-zapraszamy","status":"publish","type":"post","link":"https:\/\/ptgeogr.umcs.lublin.pl\/index.php\/2026\/03\/12\/sesja-terenowa-z-okazji-80-lecia-oddzialu-zapraszamy\/","title":{"rendered":"Sesja terenowa z okazji 80-lecia Oddzia\u0142u \u2013 zapraszamy!"},"content":{"rendered":"\n<h3 class=\"wp-block-heading\"><\/h3>\n\n\n\n<p><strong>Kole\u017canki i Koledzy,<\/strong><\/p>\n\n\n\n<p>serdecznie zapraszamy cz\u0142onk\u00f3w i sympatyk\u00f3w Oddzia\u0142u Lubelskiego Polskiego Towarzystwa Geograficznego na sesj\u0119 terenow\u0105, kt\u00f3ra odb\u0119dzie si\u0119 w dniach <strong>11\u201312 kwietnia br.<\/strong> (sobota-niedziela) i b\u0119dzie po\u0142\u0105czona z obchodami <strong>80. rocznicy powstania Oddzia\u0142u<\/strong>.<\/p>\n\n\n\n<p>W programie przewidziano szereg atrakcji, m.in.: sadzenie lasu na terenie <strong>Nadle\u015bnictwa Go\u015bcierad\u00f3w<\/strong>, kt\u00f3ry b\u0119dzie nosi\u0142 nazw\u0119 <strong>\u201eLas Geograf\u00f3w Oddzia\u0142u Lubelskiego Polskiego Towarzystwa Geograficznego\u201d<\/strong>, wizyt\u0119 w Go\u015bcieradowie, pomnik przyrody \u2013 <strong>\u017ar\u00f3d\u0142o w Mniszku<\/strong>, <strong>rezerwat Imielty \u0141ug<\/strong>, <strong>\u017bywe Muzeum Wsi i Rzemios\u0142a Polskiego w Kochanach<\/strong>, a tak\u017ce wieczorne, wspomnieniowe ognisko z degustacj\u0105 wniesionych przez Kole\u017ce\u0144stwo smako\u0142yk\u00f3w \ud83d\ude0a<\/p>\n\n\n\n<p>Koszt udzia\u0142u wynosi <strong>300 z\u0142 dla cz\u0142onk\u00f3w Oddzia\u0142u z op\u0142acon\u0105 sk\u0142adk\u0105 PTG<\/strong> oraz <strong>350 z\u0142 dla sympatyk\u00f3w<\/strong>. Cena obejmuje transport, nocleg w <strong>Janowie Lubelskim<\/strong>, pe\u0142ne dwudniowe wy\u017cywienie, wst\u0119py oraz ubezpieczenie.<\/p>\n\n\n\n<p><strong>Wyjazd:<\/strong> 11 kwietnia 2026 r., zbi\u00f3rka o godz. <strong>7.00<\/strong> w zatoczce obok <strong>Pomnika Ofiar Katynia przy ul. G\u0142\u0119bokiej<\/strong>.<br><strong>Powr\u00f3t:<\/strong> 12 kwietnia 2026 r. w godzinach wieczornych.<\/p>\n\n\n\n<p>Zg\u0142oszenia wraz z wp\u0142at\u0105 przyjmuje <strong>kol. Beata Zieli\u0144ska<\/strong><br>(Al. Kra\u015bnicka 2d, pok\u00f3j 102D, tel. 81 537 68 73).<\/p>\n","protected":false},"excerpt":{"rendered":"<p>Kole\u017canki i Koledzy, serdecznie zapraszamy cz\u0142onk\u00f3w i sympatyk\u00f3w Oddzia\u0142u Lubelskiego Polskiego Towarzystwa Geograficznego na sesj\u0119 terenow\u0105, kt\u00f3ra odb\u0119dzie si\u0119 w [&hellip;]<\/p>\n","protected":false},"author":3,"featured_media":1056,"comment_status":"open","ping_status":"open","sticky":false,"template":"","format":"standard","meta":{"footnotes":""},"categories":[9],"tags":[],"class_list":["post-1055","post","type-post","status-publish","format-standard","has-post-thumbnail","hentry","category-wycieczka"],"_links":{"self":[{"href":"https:\/\/ptgeogr.umcs.lublin.pl\/index.php\/wp-json\/wp\/v2\/posts\/1055","targetHints":{"allow":["GET"]}}],"collection":[{"href":"https:\/\/ptgeogr.umcs.lublin.pl\/index.php\/wp-json\/wp\/v2\/posts"}],"about":[{"href":"https:\/\/ptgeogr.umcs.lublin.pl\/index.php\/wp-json\/wp\/v2\/types\/post"}],"author":[{"embeddable":true,"href":"https:\/\/ptgeogr.umcs.lublin.pl\/index.php\/wp-json\/wp\/v2\/users\/3"}],"replies":[{"embeddable":true,"href":"https:\/\/ptgeogr.umcs.lublin.pl\/index.php\/wp-json\/wp\/v2\/comments?post=1055"}],"version-history":[{"count":2,"href":"https:\/\/ptgeogr.umcs.lublin.pl\/index.php\/wp-json\/wp\/v2\/posts\/1055\/revisions"}],"predecessor-version":[{"id":1058,"href":"https:\/\/ptgeogr.umcs.lublin.pl\/index.php\/wp-json\/wp\/v2\/posts\/1055\/revisions\/1058"}],"wp:featuredmedia":[{"embeddable":true,"href":"https:\/\/ptgeogr.umcs.lublin.pl\/index.php\/wp-json\/wp\/v2\/media\/1056"}],"wp:attachment":[{"href":"https:\/\/ptgeogr.umcs.lublin.pl\/index.php\/wp-json\/wp\/v2\/media?parent=1055"}],"wp:term":[{"taxonomy":"category","embeddable":true,"href":"https:\/\/ptgeogr.umcs.lublin.pl\/index.php\/wp-json\/wp\/v2\/categories?post=1055"},{"taxonomy":"post_tag","embeddable":true,"href":"https:\/\/ptgeogr.umcs.lublin.pl\/index.php\/wp-json\/wp\/v2\/tags?post=1055"}],"curies":[{"name":"wp","href":"https:\/\/api.w.org\/{rel}","templated":true}]}}