{"id":1059,"date":"2026-03-15T18:08:03","date_gmt":"2026-03-15T17:08:03","guid":{"rendered":"https:\/\/ptgeogr.umcs.lublin.pl\/?p=1059"},"modified":"2026-03-15T18:08:04","modified_gmt":"2026-03-15T17:08:04","slug":"miasto-z-perspektywy-nauki-pogoda-i-woda-w-badaniach-katedry-hydrologii-i-klimatologii-umcs","status":"publish","type":"post","link":"https:\/\/ptgeogr.umcs.lublin.pl\/index.php\/2026\/03\/15\/miasto-z-perspektywy-nauki-pogoda-i-woda-w-badaniach-katedry-hydrologii-i-klimatologii-umcs\/","title":{"rendered":"Miasto z perspektywy nauki: pogoda i woda w badaniach Katedry Hydrologii i Klimatologii UMCS"},"content":{"rendered":"\n<p>W najbli\u017cszy czwartek (19 marca br.) o godz. 17.15 zapraszamy na kolejny odczyt przygotowany w ramach cotygodniowych spotka\u0144 organizowanych przez Oddzia\u0142 Lubelski Polskiego Towarzystwa Geograficznego. Naszymi Go\u015b\u0107mi b\u0119d\u0105: Stanis\u0142aw Chmiel, Mateusz Dobek i Joanna Spos\u00f3b (UMCS), kt\u00f3rzy przedstawi\u0105 wyk\u0142ad pt.&nbsp;<strong>\u201eMiasto z perspektywy nauki: pogoda i woda w badaniach Katedry Hydrologii i Klimatologii UMCS\u201d<\/strong>. Spotkanie przygotowane wsp\u00f3lnie z Oddzia\u0142em Lubelskim Polskiego Towarzystwa Geofizycznego, organizowane jest z okazji \u015awiatowego Dnia Wody (22 marca) i \u015awiatowego Dnia Meteorologii (23 marca).<\/p>\n\n\n\n<p>Miejsce spotkania: Aula na Wydziale NoZiGP w Lublinie (I pi\u0119tro).<\/p>\n\n\n\n<p>Spotkanie b\u0119dzie mia\u0142o charakter hybrydowy. Osoby, kt\u00f3re nie mog\u0105 osobi\u015bcie uczestniczy\u0107 w spotkaniu, zapraszamy do po\u0142\u0105czenia si\u0119 z nami online:<\/p>\n\n\n\n<p><a href=\"https:\/\/teams.microsoft.com\/meet\/3699742549850?p=ZZJnJf3irwcF5sI87P\">https:\/\/teams.microsoft.com\/meet\/3699742549850?p=ZZJnJf3irwcF5sI87P<\/a><\/p>\n\n\n\n<p><strong>O odczycie od Prelegent\u00f3w<\/strong><\/p>\n\n\n\n<p>Urbanizacja ma decyduj\u0105cy wp\u0142yw na zmiany poszczeg\u00f3lnych element\u00f3w \u015brodowiska przyrodniczego. To w\u0142a\u015bnie na obszarze miast mamy do czynienia z przekszta\u0142ceniami zar\u00f3wno ilo\u015bciowymi, jak i jako\u015bciowymi, m.in. klimatu i zasob\u00f3w wodnych. S\u0105 to te elementy \u015brodowiska, kt\u00f3re wp\u0142ywaj\u0105 na jako\u015b\u0107 \u017cycia ludzi w mie\u015bcie. Z tego wzgl\u0119du wa\u017cne jest, aby dog\u0142\u0119bnie pozna\u0107 przestrze\u0144 miejsk\u0105 pod wzgl\u0119dem tytu\u0142owej \u201epogody i wody\u201d. Badania hydroklimatologiczne prowadzone s\u0105 przez pracownik\u00f3w Katedry Hydrologii i Klimatologii ju\u017c od ponad 70 lat. Skupiaj\u0105 si\u0119 m.in. na Lublinie, kt\u00f3ry jest pod tym wzgl\u0119dem doskona\u0142ym poligonem badawczym. Podczas prelekcji zostan\u0105 przedstawione rodzaje bada\u0144 naukowych prowadzonych w Katedrze w odniesieniu do zmieniaj\u0105cych si\u0119 element\u00f3w \u015brodowiska takich jak klimat i zasoby wodne na terenie miasta oraz najciekawsze wyniki pomiar\u00f3w, obserwacji, analiz, interpretacji i mo\u017cliwo\u015bci ich wykorzystania.<\/p>\n\n\n\n<p>Prelekcja odb\u0119dzie si\u0119 w ramach obchod\u00f3w \u015awiatowego Dnia Wody (22 marca), Mi\u0119dzynarodowego Dnia Meteorologii (23 marca) oraz realizacji Programu INTERREG NEXT Polska \u2013 Ukraina 2021-2027, tytu\u0142 projektu \u201eRozwi\u0105zania oszcz\u0119dzaj\u0105ce wod\u0119 s\u0142u\u017c\u0105ce \u0142agodzeniu skutk\u00f3w zmian klimatu\u201d (INTERREG WATERGARDENS), finansowanego ze \u015brodk\u00f3w Unii Europejskiej.&nbsp; Projekt realizowany jest we wsp\u00f3\u0142pracy mi\u0119dzy Uniwersytetem Narodowym w U\u017chorodzie i Uniwersytetem Marii Curie-Sk\u0142odowskiej w Lublinie (Ogr\u00f3d Botaniczny, Katedra Hydrologii i Klimatologii).<\/p>\n\n\n\n<p><strong>Prelegentami s\u0105 hydroklimatolodzy<\/strong>&nbsp;&#8211; pracownicy Katedry Hydrologii i Klimatologii Instytutu Nauk o Ziemi i \u015arodowisku Uniwersytetu Marii Curie-Sk\u0142odowskiej w Lublinie: dr hab. Stanis\u0142aw Chmiel, prof. UMCS, dr Mateusz Dobek i dr Joanna Spos\u00f3b, zajmuj\u0105cy si\u0119 badaniami \u201epogody i wody\u201d w Lublinie i nie tylko.<\/p>\n","protected":false},"excerpt":{"rendered":"<p>W najbli\u017cszy czwartek (19 marca br.) o godz. 17.15 zapraszamy na kolejny odczyt przygotowany w ramach cotygodniowych spotka\u0144 organizowanych przez [&hellip;]<\/p>\n","protected":false},"author":3,"featured_media":1060,"comment_status":"open","ping_status":"open","sticky":false,"template":"","format":"standard","meta":{"footnotes":""},"categories":[7],"tags":[],"class_list":["post-1059","post","type-post","status-publish","format-standard","has-post-thumbnail","hentry","category-odczyt"],"_links":{"self":[{"href":"https:\/\/ptgeogr.umcs.lublin.pl\/index.php\/wp-json\/wp\/v2\/posts\/1059","targetHints":{"allow":["GET"]}}],"collection":[{"href":"https:\/\/ptgeogr.umcs.lublin.pl\/index.php\/wp-json\/wp\/v2\/posts"}],"about":[{"href":"https:\/\/ptgeogr.umcs.lublin.pl\/index.php\/wp-json\/wp\/v2\/types\/post"}],"author":[{"embeddable":true,"href":"https:\/\/ptgeogr.umcs.lublin.pl\/index.php\/wp-json\/wp\/v2\/users\/3"}],"replies":[{"embeddable":true,"href":"https:\/\/ptgeogr.umcs.lublin.pl\/index.php\/wp-json\/wp\/v2\/comments?post=1059"}],"version-history":[{"count":1,"href":"https:\/\/ptgeogr.umcs.lublin.pl\/index.php\/wp-json\/wp\/v2\/posts\/1059\/revisions"}],"predecessor-version":[{"id":1061,"href":"https:\/\/ptgeogr.umcs.lublin.pl\/index.php\/wp-json\/wp\/v2\/posts\/1059\/revisions\/1061"}],"wp:featuredmedia":[{"embeddable":true,"href":"https:\/\/ptgeogr.umcs.lublin.pl\/index.php\/wp-json\/wp\/v2\/media\/1060"}],"wp:attachment":[{"href":"https:\/\/ptgeogr.umcs.lublin.pl\/index.php\/wp-json\/wp\/v2\/media?parent=1059"}],"wp:term":[{"taxonomy":"category","embeddable":true,"href":"https:\/\/ptgeogr.umcs.lublin.pl\/index.php\/wp-json\/wp\/v2\/categories?post=1059"},{"taxonomy":"post_tag","embeddable":true,"href":"https:\/\/ptgeogr.umcs.lublin.pl\/index.php\/wp-json\/wp\/v2\/tags?post=1059"}],"curies":[{"name":"wp","href":"https:\/\/api.w.org\/{rel}","templated":true}]}}