{"id":1062,"date":"2026-03-16T12:37:39","date_gmt":"2026-03-16T11:37:39","guid":{"rendered":"https:\/\/ptgeogr.umcs.lublin.pl\/?p=1062"},"modified":"2026-03-16T12:49:09","modified_gmt":"2026-03-16T11:49:09","slug":"cieplo-goraco-parzy-co-wiemy-o-globalnym-ociepleniu","status":"publish","type":"post","link":"https:\/\/ptgeogr.umcs.lublin.pl\/index.php\/2026\/03\/16\/cieplo-goraco-parzy-co-wiemy-o-globalnym-ociepleniu\/","title":{"rendered":"Ciep\u0142o, gor\u0105co, parzy\u2026 Co wiemy o globalnym ociepleniu?"},"content":{"rendered":"\n<p>Globalne ocieplenie. Zmiana klimatu. Ekstremalne zjawiska pogodowe. Te poj\u0119cia od lat pojawiaj\u0105 si\u0119 w mediach i rozgrzewaj\u0105 publiczne dyskusje. Wypowiadaj\u0105 si\u0119 na ich temat publicy\u015bci, politycy i celebryci. Ale czy to, co s\u0142yszymy na co dzie\u0144, rzeczywi\u015bcie odpowiada temu, co o klimacie m\u00f3wi wsp\u00f3\u0142czesna nauka?<\/p>\n\n\n\n<p>\u017byjemy w \u015bwiecie, w kt\u00f3rym dost\u0119p do informacji jest \u0142atwiejszy ni\u017c kiedykolwiek wcze\u015bniej \u2013 a jednocze\u015bnie coraz trudniej oddzieli\u0107 wiedz\u0119 od opinii i dezinformacji. Dlatego warto cofn\u0105\u0107 si\u0119 do podstaw i zada\u0107 kilka prostych pyta\u0144. Czy klimat Ziemi jest systemem stabilnym? Co powoduje jego zmiany? Jak\u0105 rol\u0119 odgrywa w nich dzia\u0142alno\u015b\u0107 cz\u0142owieka? I wreszcie \u2013 czego mo\u017cemy spodziewa\u0107 si\u0119 w przysz\u0142o\u015bci?<\/p>\n\n\n\n<p>Podczas spotkania spr\u00f3bujemy spojrze\u0107 na globalne ocieplenie z perspektywy naukowej: bez sensacji, ale te\u017c bez unikania trudnych pyta\u0144. Zastanowimy si\u0119 r\u00f3wnie\u017c, czy i w jakim stopniu nasze codzienne decyzje mog\u0105 wp\u0142ywa\u0107 na procesy zachodz\u0105ce w atmosferze naszej planety.<\/p>\n\n\n\n<p>Data: 9 kwietnia br., godz. 12.00<\/p>\n\n\n\n<p>Aula WNoZiGP UMCS w Lublinie<\/p>\n\n\n\n<p><strong>Wyk\u0142ad jest otwarty dla cz\u0142onk\u00f3w PTG, a dla grup szkolnych obowi\u0105zuj\u0105 zapisy ze wzgl\u0119du na ograniczon\u0105 liczb\u0119 miejsc. Zapisy pod adresem:\u00a0<\/strong><a href=\"ptglublin@gmail.com\" data-type=\"link\" data-id=\"ptglublin@gmail.com\"><strong>ptglublin@gmail.com<\/strong> <\/a><\/p>\n\n\n\n<p><strong>dr Sylwester Wereski:&nbsp;<\/strong><\/p>\n\n\n\n<p>Geograf poszukuj\u0105cy zale\u017cno\u015bci przyczynowo-skutkowych wyst\u0119puj\u0105cych w systemie klimatycznym b\u0142\u0119kitnej planety. Fotograf-amator zafascynowany XIX-wiecznym technikami tworzenia obraz\u00f3w. Powsinoga z przypad\u0142o\u015bci\u0105 polegaj\u0105c\u0105 na potrzebie odwiedzenia miejsc, w kt\u00f3rych jeszcze nie by\u0142 i powrot\u00f3w w te zak\u0105tki, kt\u00f3re szczeg\u00f3lnie zaw\u0142adn\u0119\u0142y jego sercem. Nauczyciel szkolny i akademicki.<\/p>\n\n\n\n<p><\/p>\n","protected":false},"excerpt":{"rendered":"<p>Globalne ocieplenie. Zmiana klimatu. Ekstremalne zjawiska pogodowe. Te poj\u0119cia od lat pojawiaj\u0105 si\u0119 w mediach i rozgrzewaj\u0105 publiczne dyskusje. Wypowiadaj\u0105 [&hellip;]<\/p>\n","protected":false},"author":3,"featured_media":1063,"comment_status":"open","ping_status":"open","sticky":false,"template":"","format":"standard","meta":{"footnotes":""},"categories":[7],"tags":[],"class_list":["post-1062","post","type-post","status-publish","format-standard","has-post-thumbnail","hentry","category-odczyt"],"_links":{"self":[{"href":"https:\/\/ptgeogr.umcs.lublin.pl\/index.php\/wp-json\/wp\/v2\/posts\/1062","targetHints":{"allow":["GET"]}}],"collection":[{"href":"https:\/\/ptgeogr.umcs.lublin.pl\/index.php\/wp-json\/wp\/v2\/posts"}],"about":[{"href":"https:\/\/ptgeogr.umcs.lublin.pl\/index.php\/wp-json\/wp\/v2\/types\/post"}],"author":[{"embeddable":true,"href":"https:\/\/ptgeogr.umcs.lublin.pl\/index.php\/wp-json\/wp\/v2\/users\/3"}],"replies":[{"embeddable":true,"href":"https:\/\/ptgeogr.umcs.lublin.pl\/index.php\/wp-json\/wp\/v2\/comments?post=1062"}],"version-history":[{"count":2,"href":"https:\/\/ptgeogr.umcs.lublin.pl\/index.php\/wp-json\/wp\/v2\/posts\/1062\/revisions"}],"predecessor-version":[{"id":1066,"href":"https:\/\/ptgeogr.umcs.lublin.pl\/index.php\/wp-json\/wp\/v2\/posts\/1062\/revisions\/1066"}],"wp:featuredmedia":[{"embeddable":true,"href":"https:\/\/ptgeogr.umcs.lublin.pl\/index.php\/wp-json\/wp\/v2\/media\/1063"}],"wp:attachment":[{"href":"https:\/\/ptgeogr.umcs.lublin.pl\/index.php\/wp-json\/wp\/v2\/media?parent=1062"}],"wp:term":[{"taxonomy":"category","embeddable":true,"href":"https:\/\/ptgeogr.umcs.lublin.pl\/index.php\/wp-json\/wp\/v2\/categories?post=1062"},{"taxonomy":"post_tag","embeddable":true,"href":"https:\/\/ptgeogr.umcs.lublin.pl\/index.php\/wp-json\/wp\/v2\/tags?post=1062"}],"curies":[{"name":"wp","href":"https:\/\/api.w.org\/{rel}","templated":true}]}}