{"id":167,"date":"2022-12-13T11:51:04","date_gmt":"2022-12-13T10:51:04","guid":{"rendered":"http:\/\/ptgeogr.umcs.lublin.pl\/?p=167"},"modified":"2022-12-21T14:23:01","modified_gmt":"2022-12-21T13:23:01","slug":"grenlandia-zachodnia-z-pokladu-jachtu","status":"publish","type":"post","link":"https:\/\/ptgeogr.umcs.lublin.pl\/index.php\/2022\/12\/13\/grenlandia-zachodnia-z-pokladu-jachtu\/","title":{"rendered":"Grenlandia Zachodnia z pok\u0142adu jachtu"},"content":{"rendered":"\n<p><strong>15 grudnia br. (najbli\u017cszy czwartek) o godz. 17.15<\/strong> zapraszamy na ostatnie w tym roku spotkanie organizowane w ramach cotygodniowych wyk\u0142ad\u00f3w przygotowanych przez Oddzia\u0142 Lubelski Polskiego Towarzystwa Geograficznego. Kalaallit Nunaat &#8211; Grenlandia \u2013 jaka jest w rzeczywisto\u015bci? Zielona? \u2013 jak sugeruje t\u0142umaczenie angielskiej nazwy? Na to pytanie i nie tylko podczas prelekcji <strong>\u201eGrenlandia Zachodnia z pok\u0142adu jachtu\u201d<\/strong> odpowie nasz kolejny Go\u015b\u0107 &#8211; <strong>dr n. med. Jan Jakub K\u0119sik<\/strong>. Na spotkanie zapraszamy do Auli Wydzia\u0142u NoZiGP UMCS (al. Kra\u015bnicka 2D w Lublinie, I pi\u0119tro). Wst\u0119p wolny! Zapraszamy!<\/p>\n\n\n\n<figure class=\"wp-block-image size-large\"><img loading=\"lazy\" decoding=\"async\" width=\"1024\" height=\"682\" src=\"http:\/\/ptgeogr.umcs.lublin.pl\/wp-content\/uploads\/2022\/12\/Kesik-1024x682.jpg\" alt=\"\" class=\"wp-image-168\" srcset=\"https:\/\/ptgeogr.umcs.lublin.pl\/wp-content\/uploads\/2022\/12\/Kesik-1024x682.jpg 1024w, https:\/\/ptgeogr.umcs.lublin.pl\/wp-content\/uploads\/2022\/12\/Kesik-300x200.jpg 300w, https:\/\/ptgeogr.umcs.lublin.pl\/wp-content\/uploads\/2022\/12\/Kesik-768x512.jpg 768w, https:\/\/ptgeogr.umcs.lublin.pl\/wp-content\/uploads\/2022\/12\/Kesik-1536x1024.jpg 1536w, https:\/\/ptgeogr.umcs.lublin.pl\/wp-content\/uploads\/2022\/12\/Kesik-2048x1365.jpg 2048w, https:\/\/ptgeogr.umcs.lublin.pl\/wp-content\/uploads\/2022\/12\/Kesik-150x100.jpg 150w, https:\/\/ptgeogr.umcs.lublin.pl\/wp-content\/uploads\/2022\/12\/Kesik-225x150.jpg 225w\" sizes=\"auto, (max-width: 1024px) 100vw, 1024px\" \/><\/figure>\n\n\n\n<p><strong><u>O prelekcji od Autora:<\/u><\/strong><\/p>\n\n\n\n<p>Pomimo poprawiaj\u0105cych si\u0119 mo\u017cliwo\u015bci komunikacji, surowy klimat powoduje, \u017ce masowa turystyka na szcz\u0119\u015bcie nie dotar\u0142a jeszcze na t\u0105 najwi\u0119ksz\u0105 wysp\u0119 na \u015bwiecie. Grenlandi\u0119 przedstawi\u0119 Pa\u0144stwu z perspektywy \u017ceglarza zachwycaj\u0105cego si\u0119 pi\u0119knem grenlandzkich fiord\u00f3w, ogl\u0105danych zar\u00f3wno z pok\u0142adu jachtu jak te\u017c podziwianych podczas pieszych w\u0119dr\u00f3wek. P\u0142yn\u0105c wzd\u0142u\u017c zachodniego wybrze\u017ca Grenlandii docieramy do zatoki Disco s\u0142ynnej z magii lodowc\u00f3w ciel\u0105cych si\u0119 do morza, tworz\u0105cych najwi\u0119ksze g\u00f3ry lodowe na p\u00f3\u0142kuli p\u00f3\u0142nocnej. Slalom w\u015br\u00f3d tych majestatycznych olbrzym\u00f3w, o bajecznych kszta\u0142tach i niespodziewanych kolorach lodu mieni\u0105cego si\u0119 w s\u0142o\u0144cu, to najpi\u0119kniejsze widoki jakich \u017ceglarz mo\u017ce do\u015bwiadczy\u0107. L\u00f3d to jednak nie wszystko, stanowi sceneri\u0119 dla niezliczonej ilo\u015bci fok i wieloryb\u00f3w pozuj\u0105cych do obiektywu. Grenlandia to r\u00f3wnie\u017c ludzie spotykani w odwiedzanych osadach\u2026<\/p>\n\n\n\n<p><strong>dr n. med. Jan Jakub K\u0119sik &#8211; <\/strong>lekarz, \u017ceglarz, podr\u00f3\u017cnik<strong>.<\/strong><\/p>\n\n\n\n<p>Jako kapitan jachtowy \u017cegluje najch\u0119tniej poza obszarami zaj\u0119tymi przez masow\u0105 turystyk\u0119. Ukochany jacht to S\/Y Roztocze, na pok\u0142adzie kt\u00f3rego sp\u0119dzi\u0142 najwi\u0119cej czasu eksploruj\u0105c wybrze\u017ce Europy od Skandynawii po Gibraltar. Na innych jednostkach \u017cegluje w basenie Morza \u015ar\u00f3dziemnego, nie unika te\u017c Mazur.<\/p>\n","protected":false},"excerpt":{"rendered":"<p>15 grudnia br. (najbli\u017cszy czwartek) o godz. 17.15 zapraszamy na ostatnie w tym roku spotkanie organizowane w ramach cotygodniowych wyk\u0142ad\u00f3w [&hellip;]<\/p>\n","protected":false},"author":3,"featured_media":168,"comment_status":"open","ping_status":"open","sticky":false,"template":"","format":"standard","meta":{"footnotes":""},"categories":[7],"tags":[],"class_list":["post-167","post","type-post","status-publish","format-standard","has-post-thumbnail","hentry","category-odczyt"],"_links":{"self":[{"href":"https:\/\/ptgeogr.umcs.lublin.pl\/index.php\/wp-json\/wp\/v2\/posts\/167","targetHints":{"allow":["GET"]}}],"collection":[{"href":"https:\/\/ptgeogr.umcs.lublin.pl\/index.php\/wp-json\/wp\/v2\/posts"}],"about":[{"href":"https:\/\/ptgeogr.umcs.lublin.pl\/index.php\/wp-json\/wp\/v2\/types\/post"}],"author":[{"embeddable":true,"href":"https:\/\/ptgeogr.umcs.lublin.pl\/index.php\/wp-json\/wp\/v2\/users\/3"}],"replies":[{"embeddable":true,"href":"https:\/\/ptgeogr.umcs.lublin.pl\/index.php\/wp-json\/wp\/v2\/comments?post=167"}],"version-history":[{"count":3,"href":"https:\/\/ptgeogr.umcs.lublin.pl\/index.php\/wp-json\/wp\/v2\/posts\/167\/revisions"}],"predecessor-version":[{"id":191,"href":"https:\/\/ptgeogr.umcs.lublin.pl\/index.php\/wp-json\/wp\/v2\/posts\/167\/revisions\/191"}],"wp:featuredmedia":[{"embeddable":true,"href":"https:\/\/ptgeogr.umcs.lublin.pl\/index.php\/wp-json\/wp\/v2\/media\/168"}],"wp:attachment":[{"href":"https:\/\/ptgeogr.umcs.lublin.pl\/index.php\/wp-json\/wp\/v2\/media?parent=167"}],"wp:term":[{"taxonomy":"category","embeddable":true,"href":"https:\/\/ptgeogr.umcs.lublin.pl\/index.php\/wp-json\/wp\/v2\/categories?post=167"},{"taxonomy":"post_tag","embeddable":true,"href":"https:\/\/ptgeogr.umcs.lublin.pl\/index.php\/wp-json\/wp\/v2\/tags?post=167"}],"curies":[{"name":"wp","href":"https:\/\/api.w.org\/{rel}","templated":true}]}}