{"id":270,"date":"2023-02-02T13:46:09","date_gmt":"2023-02-02T12:46:09","guid":{"rendered":"http:\/\/ptgeogr.umcs.lublin.pl\/?p=270"},"modified":"2023-02-02T14:16:39","modified_gmt":"2023-02-02T13:16:39","slug":"program-xlix-olimpiady-geograficznej","status":"publish","type":"post","link":"https:\/\/ptgeogr.umcs.lublin.pl\/index.php\/2023\/02\/02\/program-xlix-olimpiady-geograficznej\/","title":{"rendered":"Program XLIX Olimpiady Geograficznej"},"content":{"rendered":"\n<p class=\"has-text-align-center\"><strong>XLIX Olimpiada Geograficzna<\/strong><br><strong>etap okr\u0119gowy<\/strong><\/p>\n\n\n\n<p class=\"has-text-align-center\"><strong>Lublin, 4-5 lutego 2023 r.<\/strong><\/p>\n\n\n\n<p class=\"has-text-align-center\"><strong>HONOROWY PATRONAT<br>JM Rektor UMCS<br>prof. dr hab. Rados\u0142aw Dobrowolski<\/strong><\/p>\n\n\n\n<p class=\"has-text-align-center\"><strong>Program zawod\u00f3w okr\u0119gowych<\/strong><\/p>\n\n\n\n<p><a rel=\"noreferrer noopener\" href=\"http:\/\/ptgeogr.umcs.lublin.pl\/wp-content\/uploads\/2023\/02\/OG_Lublin_luty2023.pdf\" target=\"_blank\">Program XLIX Olimpiady Geograficznej, etap okr\u0119gowy, 4-5.02.2023, Lublin (plik *.pdf)<\/a><\/p>\n\n\n\n<p><strong>Sobota, 04.02.2023 r.:<\/strong><\/p>\n\n\n\n<div class=\"wp-block-group\"><div class=\"wp-block-group__inner-container is-layout-constrained wp-block-group-is-layout-constrained\">\n<p>od 9.30: rejestracja zawodnik\u00f3w (hol, WNoZiGP UMCS, Al. Kra\u015bnicka 2D, 20-718 Lublin, dla uczni\u00f3w sala 2D)<br>10.30-11.00: uroczyste otwarcie zawod\u00f3w II etapu XLIX Olimpiady Geograficznej (aula im. E. Romera, I pi\u0119tro WNoZiGP)<br>11.00-11.45: Zawody pisemne \u2013 podej\u015bcie 1 (aula)<br>Warsztaty dla nauczycieli \u2013 mgr Iwona Kryczka: Innowacja pedagogiczna w praktyce szkolnej (sala 6B)<br>11.45-12.00: Przerwa<br>12.00-12.45: Zawody pisemne \u2013 podej\u015bcie 2 (aula)<br>12.45-13.00: Przerwa<br>Warsztaty dla nauczycieli \u2013 mgr Iwona Kryczka: Gry w edukacji geograficznej (sala 6B)<br>13.00-13.45: Zawody pisemne \u2013 podej\u015bcie 3 (aula)<br>Warsztaty dla nauczycieli \u2013 mgr Iwona Kryczka: Gamifikacja na lekcjach geografii (sala 6B)<br>20.00: Og\u0142oszenie wynik\u00f3w zawod\u00f3w pisemnych na stronie: http:\/\/ptgeogr.umcs.lublin.pl\/<\/p>\n\n\n\n<p><strong>Niedziela, 05.02.2023 r.:<\/strong><\/p>\n<\/div><\/div>\n\n\n\n<div class=\"wp-block-group\"><div class=\"wp-block-group__inner-container is-layout-constrained wp-block-group-is-layout-constrained\">\n<p>9.00: Zbi\u00f3rka zawodnik\u00f3w bior\u0105cych udzia\u0142 w zawodach ustnych<br>&nbsp;9.30-10.00: Zawody, cz\u0119\u015b\u0107 A \u201eQuiz\u201d (sala 301D; III pi\u0119tro)<br>10.00-10.30:Przerwa<br>10.30-11.30: Zawody ustne, cz\u0119\u015b\u0107 B (sala 301D)<br>11.30-12.30: Posiedzenie jury<br>12.30: Og\u0142oszenie wynik\u00f3w i uroczyste zako\u0144czenie etapu okr\u0119gowego XLIX Olimpiady Geograficznej (sala 301D)<\/p>\n<\/div><\/div>\n\n\n\n<p><strong>KOMITET OKR\u0118GOWY OLIMPIADY GEOGRAFICZNEJ:<\/strong><\/p>\n\n\n\n<p>dr hab. Teresa Brzezi\u0144ska-W\u00f3jcik, prof. UMCS \u2013 przewodnicz\u0105ca KO i przedstawiciel Komitetu G\u0142\u00f3wnego<br>prof. dr hab. Rados\u0142aw Dobrowolski<br>mgr Katarzyna Dobek \u2013 sekretarz KO<br>mgr Beata Zieli\u0144ska \u2013 sekretarz jury<br>dr Mateusz Dobek \u2013 juror<br>dr Ma\u0142gorzata Flaga \u2013 juror<br>mgr Iwona Kryczka \u2013 juror<br>dr Katarzyna Mi\u0119siak-W\u00f3jcik \u2013 juror<br>dr hab. Przemys\u0142aw Mroczek, prof. UMCS \u2013 juror<br>dr Pawe\u0142 Pytka \u2013 juror<br>dr Joanna Spos\u00f3b \u2013 juror<br>dr Magdalena Suchora \u2013 juror<br>dr Joanna Szcz\u0119sna \u2013 juror<br>dr Pawe\u0142 Wojtanowicz \u2013 juror<br>dr hab. Pawe\u0142 Zieli\u0144ski, prof. UMCS \u2013 juror<\/p>\n\n\n\n<p><strong>LISTA UCZESTNIK\u00d3W II ETAPU XLIX OLIMPIADY GEOGRAFICZNEJ:<\/strong><\/p>\n\n\n\n<p>LO im. ONZ w Bi\u0142goraju &#8211; Bogus\u0142awa BUCZEK, Antoni DUDEK, Antoni KAROLCZAK i Karol ZA\u0143<br>II LO im. gen. G. Orlicz-Dreszera w Che\u0142mie &#8211; Szymon KA\u0141U\u017bNY, Aleksandra KOZYRSKA, Milena SIATKA<br>Zesp\u00f3\u0142 Szk\u00f3\u0142 Og\u00f3lnokszta\u0142c\u0105cych w D\u0119blinie &#8211; Aleksandra BARAN, Alicja JAKUBIK<br>Zesp\u00f3\u0142 Szk\u00f3\u0142 nr 3 w Hrubieszowie &#8211; Jacek PANASIEWICZ<br>I LO im. W\u0142adys\u0142awa Jagie\u0142\u0142y w Krasnymstawie &#8211; Monika CHODOROWSKA, Natalia SOKO\u0141OWSKA, Natalia STE\u0106, Justyna WYSOCKA<br>Zesp\u00f3\u0142 Szk\u00f3\u0142 nr 1 w Krasnymstawie &#8211; Weronika KACZOR<br>Regionalne Centrum Edukacji Zawodowej w Lubartowie &#8211; Kamil BABIAK, \u0141ukasz BUCZY\u0143SKI<br>I LO im. Stanis\u0142awa Staszica w Lublinie &#8211; Piotr OCHAL<br>II LO im. Hetmana J. Zamoyskiego w Lublinie &#8211; El\u017cbieta JANKOWSKA; Alicja MATUSZEWSKA, Ma\u0142gorzata WI\u015aNIEWSKA, Patryk W\u00d3JTOWICZ<br>III LO im. Unii Lubelskiej w Lublinie &#8211; Agata \u0106WIK\u0141A<br>V LO im. Marii Konopnickiej w Lublinie &#8211; Kajetan BRODA<br>Technikum nr 3 w \u0141ukowie &#8211; Karolina GA\u0141\u0104ZKA<br>LO im. Gen. W\u0142. Sikorskiego w Mi\u0119dzyrzecu Podlaskim &#8211; Kamil PULIK<br>I LO im. ks. A.J. Czartoryskiego w Pu\u0142awach &#8211; Jakub KACZOROWSKI, Klaudia STRAWA, Amelia W\u00d3JCIK<br>II LO im. Komisji Edukacji Narodowej w Pu\u0142awach &#8211; Julia TOPOREK<br>III&nbsp;LO im. K.C. Norwida w&nbsp;Zamo\u015bciu &#8211; Valeria OLIINYK<\/p>\n\n\n\n<p><strong>LISTA NAUCZYCIELI \u2013 OPIEKUN\u00d3W:<\/strong><\/p>\n\n\n\n<p>mgr Piotr B\u0118CAL \u2013 Zesp\u00f3\u0142 Szk\u00f3\u0142 nr 1 im. T. Ko\u015bciuszki w Krasnymstawie<br>mgr Krzysztof B\u0141ASZCZAK \u2013 I Liceum Og\u00f3lnokszta\u0142c\u0105ce im. W\u0142adys\u0142awa Jagie\u0142\u0142y w Krasnymstawie<br>mgr Andrzej BROWARNY \u2013 I Liceum Og\u00f3lnokszta\u0142c\u0105ce im. ks. A.J. Czartoryskiego w Pu\u0142awach<br>mgr Katarzyna DOBEK \u2013 I Liceum Og\u00f3lnokszta\u0142c\u0105ce im. St. Staszica w Lublinie<br>mgr Katarzyna KWIATEK \u2013 I Liceum Og\u00f3lnokszta\u0142c\u0105ce im. ks. A.J. Czartoryskiego w Pu\u0142awach<br>mgr Marta KLASURA \u2013 II Liceum Og\u00f3lnokszta\u0142c\u0105ce im. Gen. Orlicz-Dreszera w Che\u0142mie<br>mgr Jaros\u0142aw KORBA \u2013 V Liceum Og\u00f3lnokszta\u0142c\u0105ce im. Marii Konopnickiej w Lublinie<br>mgr Ma\u0142gorzata KOTU\u0141A \u2013 II Liceum Og\u00f3lnokszta\u0142c\u0105ce im. Hetmana J. Zamoyskiego w Lublinie<br>mgr Kamil KULTYS \u2013 Zesp\u00f3\u0142 Szk\u00f3\u0142 Og\u00f3lnokszta\u0142c\u0105cych w D\u0119blinie<br>mgr Jaros\u0142aw KUNIEWICZ \u2013 I Liceum Og\u00f3lnokszta\u0142c\u0105ce im. St. Staszica w Lublinie<br>mgr Rados\u0142aw \u0141YSIAK \u2013 II Liceum Og\u00f3lnokszta\u0142c\u0105ce im. KEN w Pu\u0142awach<br>mgr Katarzyna MALCZEWSKA \u2013 Regionalne Centrum Edukacji Zawodowej w Lubartowie<br>mgr Tomasz MALCZEWSKI \u2013 Zesp\u00f3\u0142 Szk\u00f3\u0142 nr 1 im. T. Ko\u015bciuszki w Krasnymstawie<br>mgr Katarzyna MEKSU\u0141A \u2013 II Liceum Og\u00f3lnokszta\u0142c\u0105ce im. Hetmana J. Zamoyskiego w Lublinie<br>mgr Jan PAW\u0141OWSKI \u2013 Zesp\u00f3l Szk\u00f3\u0142 nr 3 im. Tadeusza Ko\u015bciuszki w Hrubieszowie<br>mgr Jacek PODKO\u015aCIELNY \u2013 III Liceum Og\u00f3lnokszta\u0142c\u0105ce im. Cypriana Kamila Norwida w Zamo\u015bciu<br>mgr Ewa SZAB\u0141OWSKA \u2013 III Liceum Og\u00f3lnokszta\u0142c\u0105ce im. Unii Lubelskiej w Lublinie<br>mgr Wies\u0142aw \u015aWIERCZY\u0143SKI \u2013 Liceum Og\u00f3lnokszta\u0142c\u0105ce im. ONZ w Bi\u0142goraju<br>mgr Micha\u0142 \u015aWIDER \u2013 Zesp\u00f3\u0142 Szk\u00f3\u0142 nr 3 w \u0141ukowie, Technikum nr 3<br>mgr Andrzej ZYGMUNT \u2013 Liceum Og\u00f3lnokszta\u0142c\u0105ce im. gen. W\u0142. Sikorskiego w Mi\u0119dzyrzecu Podlaskim<\/p>\n\n\n\n<p><a rel=\"noreferrer noopener\" href=\"http:\/\/ptgeogr.umcs.lublin.pl\/wp-content\/uploads\/2023\/02\/OG_Lublin_luty2023.pdf\" target=\"_blank\">Program XLIX Olimpiady Geograficznej, etap okr\u0119gowy, 4-5.02.2023, Lublin (plik *.pdf)<\/a><\/p>\n","protected":false},"excerpt":{"rendered":"<p>XLIX Olimpiada Geograficznaetap okr\u0119gowy Lublin, 4-5 lutego 2023 r. HONOROWY PATRONATJM Rektor UMCSprof. dr hab. Rados\u0142aw Dobrowolski Program zawod\u00f3w okr\u0119gowych [&hellip;]<\/p>\n","protected":false},"author":3,"featured_media":280,"comment_status":"open","ping_status":"open","sticky":false,"template":"","format":"standard","meta":{"footnotes":""},"categories":[12],"tags":[],"class_list":["post-270","post","type-post","status-publish","format-standard","has-post-thumbnail","hentry","category-olimpiada-geograficzna"],"_links":{"self":[{"href":"https:\/\/ptgeogr.umcs.lublin.pl\/index.php\/wp-json\/wp\/v2\/posts\/270","targetHints":{"allow":["GET"]}}],"collection":[{"href":"https:\/\/ptgeogr.umcs.lublin.pl\/index.php\/wp-json\/wp\/v2\/posts"}],"about":[{"href":"https:\/\/ptgeogr.umcs.lublin.pl\/index.php\/wp-json\/wp\/v2\/types\/post"}],"author":[{"embeddable":true,"href":"https:\/\/ptgeogr.umcs.lublin.pl\/index.php\/wp-json\/wp\/v2\/users\/3"}],"replies":[{"embeddable":true,"href":"https:\/\/ptgeogr.umcs.lublin.pl\/index.php\/wp-json\/wp\/v2\/comments?post=270"}],"version-history":[{"count":8,"href":"https:\/\/ptgeogr.umcs.lublin.pl\/index.php\/wp-json\/wp\/v2\/posts\/270\/revisions"}],"predecessor-version":[{"id":289,"href":"https:\/\/ptgeogr.umcs.lublin.pl\/index.php\/wp-json\/wp\/v2\/posts\/270\/revisions\/289"}],"wp:featuredmedia":[{"embeddable":true,"href":"https:\/\/ptgeogr.umcs.lublin.pl\/index.php\/wp-json\/wp\/v2\/media\/280"}],"wp:attachment":[{"href":"https:\/\/ptgeogr.umcs.lublin.pl\/index.php\/wp-json\/wp\/v2\/media?parent=270"}],"wp:term":[{"taxonomy":"category","embeddable":true,"href":"https:\/\/ptgeogr.umcs.lublin.pl\/index.php\/wp-json\/wp\/v2\/categories?post=270"},{"taxonomy":"post_tag","embeddable":true,"href":"https:\/\/ptgeogr.umcs.lublin.pl\/index.php\/wp-json\/wp\/v2\/tags?post=270"}],"curies":[{"name":"wp","href":"https:\/\/api.w.org\/{rel}","templated":true}]}}