{"id":357,"date":"2023-03-19T20:20:03","date_gmt":"2023-03-19T19:20:03","guid":{"rendered":"http:\/\/ptgeogr.umcs.lublin.pl\/?p=357"},"modified":"2023-03-19T20:37:07","modified_gmt":"2023-03-19T19:37:07","slug":"sekcja-dydaktyki-szerszy-zespol","status":"publish","type":"post","link":"https:\/\/ptgeogr.umcs.lublin.pl\/index.php\/2023\/03\/19\/sekcja-dydaktyki-szerszy-zespol\/","title":{"rendered":"Sekcja Dydaktyki w szerszym zespole"},"content":{"rendered":"\n<p>Mi\u0142o nam poinformowa\u0107, \u017ce Sekcja Dydaktyczna naszego Oddzia\u0142u zosta\u0142a poszerzona o dwoje wyj\u0105tkowych geograf\u00f3w: <strong>Iwon\u0119 Kryczk\u0119 (Lublin)<\/strong> i <strong>Jacka Podko\u015bcielnego (Zamo\u015b\u0107)<\/strong>. <\/p>\n\n\n\n<p>Od lat znamy ich jako bardzo zaanga\u017cowanych nauczycieli i pasjonat\u00f3w geografii. W ramach dzia\u0142a\u0144<em> Lubelskiego Samorz\u0105dowego Centrum Nauczycieli<\/em> pe\u0142ni\u0105 oni funkcje doradc\u00f3w metodycznych. Liczymy na dalsz\u0105 wsp\u00f3ln\u0105 i owocn\u0105 prac\u0119!<\/p>\n","protected":false},"excerpt":{"rendered":"<p>Mi\u0142o nam poinformowa\u0107, \u017ce Sekcja Dydaktyczna naszego Oddzia\u0142u zosta\u0142a poszerzona o dwoje wyj\u0105tkowych geograf\u00f3w: Iwon\u0119 Kryczk\u0119 (Lublin) i Jacka Podko\u015bcielnego [&hellip;]<\/p>\n","protected":false},"author":3,"featured_media":359,"comment_status":"open","ping_status":"open","sticky":false,"template":"","format":"standard","meta":{"footnotes":""},"categories":[10],"tags":[],"class_list":["post-357","post","type-post","status-publish","format-standard","has-post-thumbnail","hentry","category-wyroznienia"],"_links":{"self":[{"href":"https:\/\/ptgeogr.umcs.lublin.pl\/index.php\/wp-json\/wp\/v2\/posts\/357","targetHints":{"allow":["GET"]}}],"collection":[{"href":"https:\/\/ptgeogr.umcs.lublin.pl\/index.php\/wp-json\/wp\/v2\/posts"}],"about":[{"href":"https:\/\/ptgeogr.umcs.lublin.pl\/index.php\/wp-json\/wp\/v2\/types\/post"}],"author":[{"embeddable":true,"href":"https:\/\/ptgeogr.umcs.lublin.pl\/index.php\/wp-json\/wp\/v2\/users\/3"}],"replies":[{"embeddable":true,"href":"https:\/\/ptgeogr.umcs.lublin.pl\/index.php\/wp-json\/wp\/v2\/comments?post=357"}],"version-history":[{"count":3,"href":"https:\/\/ptgeogr.umcs.lublin.pl\/index.php\/wp-json\/wp\/v2\/posts\/357\/revisions"}],"predecessor-version":[{"id":361,"href":"https:\/\/ptgeogr.umcs.lublin.pl\/index.php\/wp-json\/wp\/v2\/posts\/357\/revisions\/361"}],"wp:featuredmedia":[{"embeddable":true,"href":"https:\/\/ptgeogr.umcs.lublin.pl\/index.php\/wp-json\/wp\/v2\/media\/359"}],"wp:attachment":[{"href":"https:\/\/ptgeogr.umcs.lublin.pl\/index.php\/wp-json\/wp\/v2\/media?parent=357"}],"wp:term":[{"taxonomy":"category","embeddable":true,"href":"https:\/\/ptgeogr.umcs.lublin.pl\/index.php\/wp-json\/wp\/v2\/categories?post=357"},{"taxonomy":"post_tag","embeddable":true,"href":"https:\/\/ptgeogr.umcs.lublin.pl\/index.php\/wp-json\/wp\/v2\/tags?post=357"}],"curies":[{"name":"wp","href":"https:\/\/api.w.org\/{rel}","templated":true}]}}