{"id":382,"date":"2023-03-28T12:23:39","date_gmt":"2023-03-28T10:23:39","guid":{"rendered":"http:\/\/ptgeogr.umcs.lublin.pl\/?p=382"},"modified":"2023-03-28T13:02:57","modified_gmt":"2023-03-28T11:02:57","slug":"dom-pod-biegunem-stacja-umk-na-svalbardzie","status":"publish","type":"post","link":"https:\/\/ptgeogr.umcs.lublin.pl\/index.php\/2023\/03\/28\/dom-pod-biegunem-stacja-umk-na-svalbardzie\/","title":{"rendered":"<strong>Dom pod Biegunem \u2013 Stacja UMK na Svalbardzie<\/strong>"},"content":{"rendered":"\n<p>Ju\u017c w najbli\u017cszy czwartek, <strong>30 marca o godz. 17.15,<\/strong> zapraszamy na kolejny odczyt online przygotowany przez Oddzia\u0142 Lubelski Polskiego Towarzystwa Geograficznego. Naszym go\u015bciem b\u0119dzie <strong>dr Katarzyna Gre\u0144<\/strong>, kt\u00f3ra podczas prelekcji pt. <strong>\u201eDom pod Biegunem \u2013 Stacja UMK na Svalbardzie\u201d<\/strong> opowie nam o swoich wielokrotnych pobytach na archipelagu Svalbard na Oceanie Arktycznym.<\/p>\n\n\n\n<p>Tematyka wyk\u0142adu: ma\u0142e stacje polarne na Svalbardzie funkcjonuj\u0105 w sezonie letnim, gdy panuje dzie\u0144 polarny i s\u0105 dobre warunki do prowadzenia bada\u0144 terenowych. W trakcie spotkania uczestnicy wraz z autork\u0105 odwiedz\u0105 R\u00f3wnin\u0119 Kawy (norw. Kaffi\u00f8yra), gdzie swoj\u0105 stacj\u0119 polarn\u0105 ma Uniwersytet Miko\u0142aja Kopernika w Toruniu. B\u0119dzie to opowie\u015b\u0107 o tym jak wygl\u0105da \u017cycie na takiej stacji, o ludziach, codziennych wyzwaniach, prowadzonych badaniach, lodowcach i o zwierz\u0119tach, kt\u00f3re nie czuj\u0105 l\u0119ku przed cz\u0142owiekiem.<\/p>\n\n\n\n<p><strong>Katarzyna Gre\u0144<\/strong> &#8211; geograf, geomorfolog, doktor nauk o Ziemi, pracowniczka Wydzia\u0142u Geografii i Studi\u00f3w Regionalnych UW, uczestniczka 10 letnich wypraw do stacji Uniwersytetu im. Miko\u0142aja Kopernika na Spitsbergenie oraz 44. Antarktycznej Wyprawy Polarnej do Polskiej Stacji im. Henryka Arctowskiego. Pasjonatka fotografii, interesuje si\u0119 histori\u0105 wypraw polarnych. Jedna z bohaterek ksi\u0105\u017cki Dagmary Bo\u017cek pt. &#8222;Polarniczki&#8221;.<\/p>\n\n\n\n<p>Aby wzi\u0105\u0107 udzia\u0142 w prelekcji, wystarczy wej\u015b\u0107 na stron\u0119 z transmisj\u0105 on-line, do kt\u00f3rej link znajduje si\u0119 poni\u017cej.\u00a0 Zapraszamy!<\/p>\n\n\n\n<p><strong><a rel=\"noreferrer noopener\" href=\"https:\/\/teams.microsoft.com\/l\/meetup-join\/19%3ameeting_ZTc5NjI3OGUtMDE5MC00ZDAxLTk0ODktZjQzMDlmODBhM2Nh%40thread.v2\/0?context=%7b%22Tid%22%3a%2280dbd34a-9b20-490b-ac49-035af103ab2b%22%2c%22Oid%22%3a%220d556d83-107c-470b-89da-077ab625feb9%22%7d\" data-type=\"URL\" data-id=\"https:\/\/teams.microsoft.com\/l\/meetup-join\/19%3ameeting_ZTc5NjI3OGUtMDE5MC00ZDAxLTk0ODktZjQzMDlmODBhM2Nh%40thread.v2\/0?context=%7b%22Tid%22%3a%2280dbd34a-9b20-490b-ac49-035af103ab2b%22%2c%22Oid%22%3a%220d556d83-107c-470b-89da-077ab625feb9%22%7d\" target=\"_blank\">Link do e-<\/a><a href=\"https:\/\/teams.microsoft.com\/l\/meetup-join\/19%3ameeting_ZTc5NjI3OGUtMDE5MC00ZDAxLTk0ODktZjQzMDlmODBhM2Nh%40thread.v2\/0?context=%7b%22Tid%22%3a%2280dbd34a-9b20-490b-ac49-035af103ab2b%22%2c%22Oid%22%3a%220d556d83-107c-470b-89da-077ab625feb9%22%7d\" data-type=\"URL\" data-id=\"https:\/\/teams.microsoft.com\/l\/meetup-join\/19%3ameeting_ZTc5NjI3OGUtMDE5MC00ZDAxLTk0ODktZjQzMDlmODBhM2Nh%40thread.v2\/0?context=%7b%22Tid%22%3a%2280dbd34a-9b20-490b-ac49-035af103ab2b%22%2c%22Oid%22%3a%220d556d83-107c-470b-89da-077ab625feb9%22%7d\" target=\"_blank\" rel=\"noreferrer noopener\">s<\/a><a rel=\"noreferrer noopener\" href=\"https:\/\/teams.microsoft.com\/l\/meetup-join\/19%3ameeting_ZTc5NjI3OGUtMDE5MC00ZDAxLTk0ODktZjQzMDlmODBhM2Nh%40thread.v2\/0?context=%7b%22Tid%22%3a%2280dbd34a-9b20-490b-ac49-035af103ab2b%22%2c%22Oid%22%3a%220d556d83-107c-470b-89da-077ab625feb9%22%7d\" data-type=\"URL\" data-id=\"https:\/\/teams.microsoft.com\/l\/meetup-join\/19%3ameeting_ZTc5NjI3OGUtMDE5MC00ZDAxLTk0ODktZjQzMDlmODBhM2Nh%40thread.v2\/0?context=%7b%22Tid%22%3a%2280dbd34a-9b20-490b-ac49-035af103ab2b%22%2c%22Oid%22%3a%220d556d83-107c-470b-89da-077ab625feb9%22%7d\" target=\"_blank\">potkania<\/a><\/strong><\/p>\n\n\n\n<p>Odczyt prowadzi\u0107 b\u0119dzie dr hab. Jan Rodzik, prof. UMCS<\/p>\n","protected":false},"excerpt":{"rendered":"<p>Ju\u017c w najbli\u017cszy czwartek, 30 marca o godz. 17.15, zapraszamy na kolejny odczyt online przygotowany przez Oddzia\u0142 Lubelski Polskiego Towarzystwa [&hellip;]<\/p>\n","protected":false},"author":3,"featured_media":384,"comment_status":"open","ping_status":"open","sticky":false,"template":"","format":"standard","meta":{"footnotes":""},"categories":[7],"tags":[],"class_list":["post-382","post","type-post","status-publish","format-standard","has-post-thumbnail","hentry","category-odczyt"],"_links":{"self":[{"href":"https:\/\/ptgeogr.umcs.lublin.pl\/index.php\/wp-json\/wp\/v2\/posts\/382","targetHints":{"allow":["GET"]}}],"collection":[{"href":"https:\/\/ptgeogr.umcs.lublin.pl\/index.php\/wp-json\/wp\/v2\/posts"}],"about":[{"href":"https:\/\/ptgeogr.umcs.lublin.pl\/index.php\/wp-json\/wp\/v2\/types\/post"}],"author":[{"embeddable":true,"href":"https:\/\/ptgeogr.umcs.lublin.pl\/index.php\/wp-json\/wp\/v2\/users\/3"}],"replies":[{"embeddable":true,"href":"https:\/\/ptgeogr.umcs.lublin.pl\/index.php\/wp-json\/wp\/v2\/comments?post=382"}],"version-history":[{"count":2,"href":"https:\/\/ptgeogr.umcs.lublin.pl\/index.php\/wp-json\/wp\/v2\/posts\/382\/revisions"}],"predecessor-version":[{"id":385,"href":"https:\/\/ptgeogr.umcs.lublin.pl\/index.php\/wp-json\/wp\/v2\/posts\/382\/revisions\/385"}],"wp:featuredmedia":[{"embeddable":true,"href":"https:\/\/ptgeogr.umcs.lublin.pl\/index.php\/wp-json\/wp\/v2\/media\/384"}],"wp:attachment":[{"href":"https:\/\/ptgeogr.umcs.lublin.pl\/index.php\/wp-json\/wp\/v2\/media?parent=382"}],"wp:term":[{"taxonomy":"category","embeddable":true,"href":"https:\/\/ptgeogr.umcs.lublin.pl\/index.php\/wp-json\/wp\/v2\/categories?post=382"},{"taxonomy":"post_tag","embeddable":true,"href":"https:\/\/ptgeogr.umcs.lublin.pl\/index.php\/wp-json\/wp\/v2\/tags?post=382"}],"curies":[{"name":"wp","href":"https:\/\/api.w.org\/{rel}","templated":true}]}}