{"id":397,"date":"2023-04-11T14:29:46","date_gmt":"2023-04-11T12:29:46","guid":{"rendered":"http:\/\/ptgeogr.umcs.lublin.pl\/?p=397"},"modified":"2023-04-11T14:29:47","modified_gmt":"2023-04-11T12:29:47","slug":"podroze-marzen-po-gorach-i-nie-tylko","status":"publish","type":"post","link":"https:\/\/ptgeogr.umcs.lublin.pl\/index.php\/2023\/04\/11\/podroze-marzen-po-gorach-i-nie-tylko\/","title":{"rendered":"Podr\u00f3\u017ce marze\u0144\u2026 Po g\u00f3rach i nie tylko"},"content":{"rendered":"\n<p><strong>13 kwietnia br. (najbli\u017cszy czwartek) o godz. 17.15<\/strong> zapraszamy na kolejn\u0105 prelekcj\u0119 zorganizowan\u0105 w ramach cotygodniowych wyk\u0142ad\u00f3w przygotowanych przez Oddzia\u0142 Lubelski Polskiego Towarzystwa Geograficznego. Naszym go\u015bciem, b\u0119dzie <strong>J\u00f3zef Kwa\u015bniak<\/strong>, kt\u00f3ry wyg\u0142osi odczyt <strong>\u201ePodr\u00f3\u017ce marze\u0144\u2026 Po g\u00f3rach i nie tylko\u201d.<\/strong> Spotkanie odb\u0119dzie si\u0119 w Auli Wydzia\u0142u NoZiGP UMCS i jest po\u0142\u0105czone z promocj\u0105 ksi\u0105\u017cki Prelegenta (o takim samym tytule jak prezentacja), kt\u00f3r\u0105 wraz z autografem Autora b\u0119dzie mo\u017cna zakupi\u0107 po spotkaniu (al. Kra\u015bnicka 2D w Lublinie, I pi\u0119tro).<br>Odczyt poprowadzi dr Katarzyna Mi\u0119siak-W\u00f3jcik.<br>Zapraszamy!<\/p>\n\n\n\n<p><strong><u>O ksi\u0105\u017cce \u201ePodr\u00f3\u017ce marze\u0144\u2026 Po g\u00f3rach i nie tylko\u201d<\/u><\/strong><\/p>\n\n\n\n<p>Ksi\u0105\u017cka przenosi nas w wiele ciekawych zak\u0105tk\u00f3w \u2013 \u015bwiat wysokich, si\u0119gaj\u0105cych nieba g\u00f3r i wulkan\u00f3w, ogromnych pusty\u0144, jezior oraz unikalnych miejsc zwi\u0105zanych z kultur\u0105, m.in. Ink\u00f3w, Maj\u00f3w i Aborygen\u00f3w. Zawiera wiele w\u0105tk\u00f3w geograficznych i historycznych, staj\u0105c si\u0119 przyst\u0119pnym \u017ar\u00f3d\u0142em wiedzy.&nbsp; Autor barwnie relacjonuje odbyte wyprawy, nie stroni\u0105c od blask\u00f3w i cieni podj\u0119tych podr\u00f3\u017cy. Opisuje je rzetelnie, ciekawie, ukazuj\u0105c pi\u0119kno \u015bwiata, ale tak\u017ce pi\u0119kn\u0105 lekcj\u0119 \u017cycia \u2013 wiar\u0119 w siebie i bezgraniczne zaufanie do wsp\u00f3\u0142towarzyszy. Wielkim walorem publikacji s\u0105 wspania\u0142e zdj\u0119cia (wszystkie kolorowe!!!), wykonane przez autora i zgromadzone w prywatnym archiwum. Niew\u0105tpliwie wzbogacaj\u0105 one tekst, a czytelnikowi pozwalaj\u0105 na chwil\u0119 oderwa\u0107 si\u0119 od szarej rzeczywisto\u015bci.<\/p>\n\n\n\n<p>Zygmunt \u0141yszczarz, 8 sierpnia 2022.<\/p>\n\n\n\n<p><strong>J\u00f3zef Kwa\u015bniak<\/strong><\/p>\n\n\n\n<p>urodzi\u0142 si\u0119 w 1953 roku w Maszowie, w powiecie krasnostawskim na Lubelszczy\u017anie. Tu sp\u0119dzi\u0142 dzieci\u0144stwo i tutaj jako m\u0142ody ch\u0142opak, po raz pierwszy przypadkowo zobaczy\u0142 l\u0105dowanie i start samolotu. To wtedy narodzi\u0142o si\u0119 marzenie o lataniu. Najpierw zdoby\u0142 licencje pilota szybowcowego, nast\u0119pnie zosta\u0142 mechanikiem lotniczym w Aeroklubie Ziemi Zamojskiej, p\u00f3\u017aniej instruktorem szybowcowym i w ko\u0144cu uzyska\u0142 licencj\u0119 pilota samolotowego zawodowego. Szybko przysz\u0142y tak\u017ce liczne sukcesy sportowe \u2013 pierwszy szybowcowy diament, z\u0142ota odznaka szybowcowa o komplet diament\u00f3w zdobyte w latach 1981-1987. Jego oddzieln\u0105 wielka pasj\u0105 s\u0105 podr\u00f3\u017ce w ciekawe, dalekie i egzotyczne zak\u0105tki globu. Odwiedzi\u0142 m.in. Australi\u0119, Chiny, Islandi\u0119, ale szczeg\u00f3lnie bliskie s\u0105 mu wyprawy wysokog\u00f3rskie. Zami\u0142owanie to zaowocowa\u0142o zdobyciem 10 szczyt\u00f3w powy\u017cej 5000 m n.p.m.<\/p>\n","protected":false},"excerpt":{"rendered":"<p>13 kwietnia br. (najbli\u017cszy czwartek) o godz. 17.15 zapraszamy na kolejn\u0105 prelekcj\u0119 zorganizowan\u0105 w ramach cotygodniowych wyk\u0142ad\u00f3w przygotowanych przez Oddzia\u0142 [&hellip;]<\/p>\n","protected":false},"author":3,"featured_media":400,"comment_status":"open","ping_status":"open","sticky":false,"template":"","format":"standard","meta":{"footnotes":""},"categories":[7],"tags":[],"class_list":["post-397","post","type-post","status-publish","format-standard","has-post-thumbnail","hentry","category-odczyt"],"_links":{"self":[{"href":"https:\/\/ptgeogr.umcs.lublin.pl\/index.php\/wp-json\/wp\/v2\/posts\/397","targetHints":{"allow":["GET"]}}],"collection":[{"href":"https:\/\/ptgeogr.umcs.lublin.pl\/index.php\/wp-json\/wp\/v2\/posts"}],"about":[{"href":"https:\/\/ptgeogr.umcs.lublin.pl\/index.php\/wp-json\/wp\/v2\/types\/post"}],"author":[{"embeddable":true,"href":"https:\/\/ptgeogr.umcs.lublin.pl\/index.php\/wp-json\/wp\/v2\/users\/3"}],"replies":[{"embeddable":true,"href":"https:\/\/ptgeogr.umcs.lublin.pl\/index.php\/wp-json\/wp\/v2\/comments?post=397"}],"version-history":[{"count":2,"href":"https:\/\/ptgeogr.umcs.lublin.pl\/index.php\/wp-json\/wp\/v2\/posts\/397\/revisions"}],"predecessor-version":[{"id":399,"href":"https:\/\/ptgeogr.umcs.lublin.pl\/index.php\/wp-json\/wp\/v2\/posts\/397\/revisions\/399"}],"wp:featuredmedia":[{"embeddable":true,"href":"https:\/\/ptgeogr.umcs.lublin.pl\/index.php\/wp-json\/wp\/v2\/media\/400"}],"wp:attachment":[{"href":"https:\/\/ptgeogr.umcs.lublin.pl\/index.php\/wp-json\/wp\/v2\/media?parent=397"}],"wp:term":[{"taxonomy":"category","embeddable":true,"href":"https:\/\/ptgeogr.umcs.lublin.pl\/index.php\/wp-json\/wp\/v2\/categories?post=397"},{"taxonomy":"post_tag","embeddable":true,"href":"https:\/\/ptgeogr.umcs.lublin.pl\/index.php\/wp-json\/wp\/v2\/tags?post=397"}],"curies":[{"name":"wp","href":"https:\/\/api.w.org\/{rel}","templated":true}]}}