{"id":420,"date":"2023-05-08T10:59:09","date_gmt":"2023-05-08T08:59:09","guid":{"rendered":"http:\/\/ptgeogr.umcs.lublin.pl\/?p=420"},"modified":"2023-05-08T11:00:14","modified_gmt":"2023-05-08T09:00:14","slug":"vesteralen-i-lofoty","status":"publish","type":"post","link":"https:\/\/ptgeogr.umcs.lublin.pl\/index.php\/2023\/05\/08\/vesteralen-i-lofoty\/","title":{"rendered":"Vester\u00e5len i Lofoty"},"content":{"rendered":"\n<p>W czwartek,\u00a0<strong>11 maja o godz. 17.15,<\/strong>\u00a0zapraszamy na kolejny odczyt online przygotowany przez Oddzia\u0142 Lubelski Polskiego Towarzystwa Geograficznego. Naszym go\u015bciem b\u0119dzie\u00a0<strong>prof. dr hab. Tadeusz Palmowski<\/strong>, kt\u00f3ry podczas prelekcji pt.\u00a0<strong>\u201eVester\u00e5len i Lofoty\u201d<\/strong>\u00a0opowie nam o swoich wra\u017ceniach z pobytu na tych niezwykle popularnych pod wzgl\u0119dem turystycznym wyspach Morza Norweskiego. Aby wzi\u0105\u0107 udzia\u0142 w prelekcji, wystarczy wej\u015b\u0107 na stron\u0119 z transmisj\u0105 online, do kt\u00f3rej link znajduje si\u0119 poni\u017cej.\u00a0 Zapraszamy!<\/p>\n\n\n\n<p><strong><a href=\"https:\/\/teams.microsoft.com\/l\/meetup-join\/19%3ameeting_MzRiNjJlNTgtZjJlOC00ZmMwLTkyYjAtMDQ4ZTU0ODdhMjUz%40thread.v2\/0?context=%7b%22Tid%22%3a%22b2b950ec-1ee3-4d9d-ac5e-4dd9db5e0b73%22%2c%22Oid%22%3a%22263e845c-3372-4585-a1e1-3164ade85794%22%7d\" target=\"_blank\" rel=\"noreferrer noopener\">LINK DO E-SPOTKANIA<\/a><\/strong><\/p>\n\n\n\n<p><strong>Tematyka wyk\u0142adu<\/strong><\/p>\n\n\n\n<p>Oba archipelagi spi\u0119te mostami i po\u0142\u0105czeniami promowymi tworz\u0105 jeden z najpi\u0119kniejszych kompleks\u00f3w przyrodniczych i widokowych nie tylko w Norwegii, ale i w Europie. Szczeg\u00f3lnie pi\u0119knie si\u0119 prezentuj\u0105 w okresie lata, kiedy s\u0142o\u0144ce tam praktycznie nie zachodzi. Wtedy te\u017c \u015bci\u0105gaj\u0105 tam liczni tury\u015bci, kt\u00f3rzy zachwycaj\u0105 si\u0119 tym urokliwym zak\u0105tkiem Europy. Otoczone wysokimi g\u00f3rami zatoczki, przy kt\u00f3rych usytuowa\u0142y si\u0119 niewielkie miejscowo\u015bci rybackie, z kolorowymi domkami i cichymi, aczkolwiek t\u0119tni\u0105cymi \u017cyciem portami, otwarte na go\u015bci, powoduj\u0105 \u017ce chcia\u0142oby si\u0119 tam pozosta\u0107 na d\u0142u\u017cej. Walory przyrodnicze i kulturowe ( w tym niekt\u00f3rych z listy UNESCO) i \u015bwietna infrastruktura turystyczna tych miejsc stanowi\u0105 przyk\u0142ad miejsc, kt\u00f3rych si\u0119 nie zapomina.<\/p>\n\n\n\n<p><strong>Tadeusz Palmowski<\/strong><\/p>\n\n\n\n<p>rocznik 1952, profesor zwyczajny, kierownik Zak\u0142adu Rozwoju Regionalnego Uniwersytetu Gda\u0144skiego. Dyplom magisterski z geografii na Wydziale Biologii i Nauk o Ziemi Uniwersytetu Gda\u0144skiego w 1977 r., doktorat na tym samym wydziale w 1991 r., 2001 r. habilitacja&nbsp; z Nauk o Ziemi w zakresie geografii spo\u0142eczno-ekonomicznej w Instytucie Geografii i Przestrzennego Zagospodarowania Polskiej Akademii Nauk im. Stanis\u0142awa Leszczyckiego w Warszawie w 2001 r., od 2006 &#8211; profesor nadzwyczajny Uniwersytetu Gda\u0144skiego, a od 2014 r. profesor tytularny. Autor wielu publikacji wydanych w kraju i za granic\u0105. Cz\u0142onek siedmiu mi\u0119dzynarodowych komitet\u00f3w redakcyjnych i kilkunastu krajowych komitet\u00f3w i rad naukowych. Zainteresowania naukowe: Europa Ba\u0142tycka, morska wsp\u00f3\u0142praca transgraniczna, zagospodarowanie przestrzenne obszar\u00f3w nadmorskich, gospodarka morska, Obw\u00f3d Kaliningradzki. Jako podr\u00f3\u017cnik&nbsp; odwiedzi\u0142 dotychczas wszystkie kontynenty i ponad 100 kraj\u00f3w \u015bwiata.<\/p>\n","protected":false},"excerpt":{"rendered":"<p>W czwartek,\u00a011 maja o godz. 17.15,\u00a0zapraszamy na kolejny odczyt online przygotowany przez Oddzia\u0142 Lubelski Polskiego Towarzystwa Geograficznego. Naszym go\u015bciem b\u0119dzie\u00a0prof. [&hellip;]<\/p>\n","protected":false},"author":3,"featured_media":422,"comment_status":"open","ping_status":"open","sticky":false,"template":"","format":"standard","meta":{"footnotes":""},"categories":[7],"tags":[],"class_list":["post-420","post","type-post","status-publish","format-standard","has-post-thumbnail","hentry","category-odczyt"],"_links":{"self":[{"href":"https:\/\/ptgeogr.umcs.lublin.pl\/index.php\/wp-json\/wp\/v2\/posts\/420","targetHints":{"allow":["GET"]}}],"collection":[{"href":"https:\/\/ptgeogr.umcs.lublin.pl\/index.php\/wp-json\/wp\/v2\/posts"}],"about":[{"href":"https:\/\/ptgeogr.umcs.lublin.pl\/index.php\/wp-json\/wp\/v2\/types\/post"}],"author":[{"embeddable":true,"href":"https:\/\/ptgeogr.umcs.lublin.pl\/index.php\/wp-json\/wp\/v2\/users\/3"}],"replies":[{"embeddable":true,"href":"https:\/\/ptgeogr.umcs.lublin.pl\/index.php\/wp-json\/wp\/v2\/comments?post=420"}],"version-history":[{"count":2,"href":"https:\/\/ptgeogr.umcs.lublin.pl\/index.php\/wp-json\/wp\/v2\/posts\/420\/revisions"}],"predecessor-version":[{"id":423,"href":"https:\/\/ptgeogr.umcs.lublin.pl\/index.php\/wp-json\/wp\/v2\/posts\/420\/revisions\/423"}],"wp:featuredmedia":[{"embeddable":true,"href":"https:\/\/ptgeogr.umcs.lublin.pl\/index.php\/wp-json\/wp\/v2\/media\/422"}],"wp:attachment":[{"href":"https:\/\/ptgeogr.umcs.lublin.pl\/index.php\/wp-json\/wp\/v2\/media?parent=420"}],"wp:term":[{"taxonomy":"category","embeddable":true,"href":"https:\/\/ptgeogr.umcs.lublin.pl\/index.php\/wp-json\/wp\/v2\/categories?post=420"},{"taxonomy":"post_tag","embeddable":true,"href":"https:\/\/ptgeogr.umcs.lublin.pl\/index.php\/wp-json\/wp\/v2\/tags?post=420"}],"curies":[{"name":"wp","href":"https:\/\/api.w.org\/{rel}","templated":true}]}}