{"id":451,"date":"2023-08-31T20:36:33","date_gmt":"2023-08-31T18:36:33","guid":{"rendered":"http:\/\/ptgeogr.umcs.lublin.pl\/?p=451"},"modified":"2023-08-31T20:41:52","modified_gmt":"2023-08-31T18:41:52","slug":"eskapady-kresowe-zapraszamy","status":"publish","type":"post","link":"https:\/\/ptgeogr.umcs.lublin.pl\/index.php\/2023\/08\/31\/eskapady-kresowe-zapraszamy\/","title":{"rendered":"Eskapady kresowe &#8211; zapraszamy!"},"content":{"rendered":"\n<p>Serdecznie zapraszamy do udzia\u0142u w <strong>9. Zamojskim Festiwalu Podr\u00f3\u017cy &#8222;Eskapady kresowe&#8221;<\/strong>, kt\u00f3ry odb\u0119dzie si\u0119 w dniach 29-30 wrze\u015bnia br. w Zamo\u015bciu. G\u0142\u00f3wnym organizatorem jest Zamojskie Towarzystwo Turystyczne. Przewodnicz\u0105cym komitetu organizacyjnego jest <strong>mgr Jacek Podko\u015bcielny<\/strong> &#8211;  cz\u0142onek naszego Towarzystwa, na co dzie\u0144 zaanga\u017cowany w dzia\u0142ania sekcji dydaktycznej. W\u015br\u00f3d prelegent\u00f3w jest m.in.<strong> dr Grzegorz Gajek<\/strong> (INoZi\u015a UMCS).<br>Nasz Oddzia\u0142 PTG jest wsp\u00f3\u0142organizatorem Festiwalu \ud83d\ude42<\/p>\n\n\n\n<p><\/p>\n","protected":false},"excerpt":{"rendered":"<p>Serdecznie zapraszamy do udzia\u0142u w 9. Zamojskim Festiwalu Podr\u00f3\u017cy &#8222;Eskapady kresowe&#8221;, kt\u00f3ry odb\u0119dzie si\u0119 w dniach 29-30 wrze\u015bnia br. w [&hellip;]<\/p>\n","protected":false},"author":3,"featured_media":453,"comment_status":"open","ping_status":"open","sticky":false,"template":"","format":"standard","meta":{"footnotes":""},"categories":[7],"tags":[],"class_list":["post-451","post","type-post","status-publish","format-standard","has-post-thumbnail","hentry","category-odczyt"],"_links":{"self":[{"href":"https:\/\/ptgeogr.umcs.lublin.pl\/index.php\/wp-json\/wp\/v2\/posts\/451","targetHints":{"allow":["GET"]}}],"collection":[{"href":"https:\/\/ptgeogr.umcs.lublin.pl\/index.php\/wp-json\/wp\/v2\/posts"}],"about":[{"href":"https:\/\/ptgeogr.umcs.lublin.pl\/index.php\/wp-json\/wp\/v2\/types\/post"}],"author":[{"embeddable":true,"href":"https:\/\/ptgeogr.umcs.lublin.pl\/index.php\/wp-json\/wp\/v2\/users\/3"}],"replies":[{"embeddable":true,"href":"https:\/\/ptgeogr.umcs.lublin.pl\/index.php\/wp-json\/wp\/v2\/comments?post=451"}],"version-history":[{"count":4,"href":"https:\/\/ptgeogr.umcs.lublin.pl\/index.php\/wp-json\/wp\/v2\/posts\/451\/revisions"}],"predecessor-version":[{"id":458,"href":"https:\/\/ptgeogr.umcs.lublin.pl\/index.php\/wp-json\/wp\/v2\/posts\/451\/revisions\/458"}],"wp:featuredmedia":[{"embeddable":true,"href":"https:\/\/ptgeogr.umcs.lublin.pl\/index.php\/wp-json\/wp\/v2\/media\/453"}],"wp:attachment":[{"href":"https:\/\/ptgeogr.umcs.lublin.pl\/index.php\/wp-json\/wp\/v2\/media?parent=451"}],"wp:term":[{"taxonomy":"category","embeddable":true,"href":"https:\/\/ptgeogr.umcs.lublin.pl\/index.php\/wp-json\/wp\/v2\/categories?post=451"},{"taxonomy":"post_tag","embeddable":true,"href":"https:\/\/ptgeogr.umcs.lublin.pl\/index.php\/wp-json\/wp\/v2\/tags?post=451"}],"curies":[{"name":"wp","href":"https:\/\/api.w.org\/{rel}","templated":true}]}}