{"id":493,"date":"2023-11-27T13:19:18","date_gmt":"2023-11-27T12:19:18","guid":{"rendered":"http:\/\/ptgeogr.umcs.lublin.pl\/?p=493"},"modified":"2023-11-27T13:20:15","modified_gmt":"2023-11-27T12:20:15","slug":"szwejkowanie-po-podkarpaciu","status":"publish","type":"post","link":"https:\/\/ptgeogr.umcs.lublin.pl\/index.php\/2023\/11\/27\/szwejkowanie-po-podkarpaciu\/","title":{"rendered":"Szwejkowanie po Podkarpaciu"},"content":{"rendered":"\n<p><strong>30 listopada br., o godz. 17.15<\/strong>\u00a0(najbli\u017cszy czwartek) zapraszamy na kolejn\u0105 prelekcj\u0119 przygotowan\u0105 przez Oddzia\u0142 Lubelski Polskiego Towarzystwa Geograficznego. Naszym go\u015bciem b\u0119dzie\u00a0<strong>Stanis\u0142aw Kusiak<\/strong>, kt\u00f3ry podczas prelekcji\u00a0<strong>\u201eSzwejkowanie po Podkarpaciu\u201d<\/strong>\u00a0przedstawi nam nieznane historie i ciekawostki o tym regionie.\u00a0W odczycie b\u0119dzie mo\u017cna uczestniczy\u0107 w dwojaki spos\u00f3b. Na spotkanie \u201ena \u017cywo\u201d z Prelegentem zapraszamy\u00a0<strong>do sali 202D<\/strong>\u00a0na Wydziale NoZiGP UMCS (al. Kra\u015bnicka 2D w Lublinie, II pi\u0119tro). <\/p>\n\n\n\n<p>Osoby, kt\u00f3re chcia\u0142yby uczestniczy\u0107 w prelekcji online zapraszamy na spotkanie pod linkiem: <a href=\"https:\/\/teams.microsoft.com\/l\/meetup-join\/19%3ameeting_NzdmNzk3YTAtMDI5OS00ODJjLTliMzktNDkzZmE1MGUyMWNk%40thread.v2\/0?context=%7b%22Tid%22%3a%2280dbd34a-9b20-490b-ac49-035af103ab2b%22%2c%22Oid%22%3a%220d556d83-107c-470b-89da-077ab625feb9%22%7d\" target=\"_blank\" rel=\"noreferrer noopener\">https:\/\/teams.microsoft.com\/l\/meetup-join\/19%3ameeting_NzdmNzk3YTAtMDI5OS00ODJjLTliMzktNDkzZmE1MGUyMWNk%40thread.v2\/0?context=%7b%22Tid%22%3a%2280dbd34a-9b20-490b-ac49-035af103ab2b%22%2c%22Oid%22%3a%220d556d83-107c-470b-89da-077ab625feb9%22%7d<\/a> <\/p>\n\n\n\n<p>Zapraszamy!<\/p>\n\n\n\n<p>O prelekcji od Autora: &#8222;Szwejkowanie po Podkarpaciu&#8221;, czyli o czym jeszcze nie wiemy o tym regionie. Opowie\u015bci o niesamowito\u015bciach: ludzie, zdarzenia, obiekty. W programie:<\/p>\n\n\n\n<ul class=\"wp-block-list\">\n<li>polsko-ruska madonna,<\/li>\n\n\n\n<li>krowy myj\u0105 nogi,<\/li>\n\n\n\n<li>Wa\u0142\u0119sa polubi\u0142 &#8222;internat&#8221;,<\/li>\n\n\n\n<li>z palnikiem atak na szk\u0142o,<\/li>\n\n\n\n<li>sztuka na stodole,<\/li>\n\n\n\n<li>spacer po mlecznej drodze,<\/li>\n\n\n\n<li>Szwejk wychwala\u0142 cesarza i lubi\u0142 porucznika,<\/li>\n\n\n\n<li>Beksi\u0144ski wi\u0105za\u0142 \u017con\u0119\u2026,<\/li>\n\n\n\n<li>Kr\u00f3l \u017ceni\u0142 si\u0119 dwukrotnie w jednym zamku,<\/li>\n\n\n\n<li>karlica doradczyni\u0105 kr\u00f3lowej.<\/li>\n<\/ul>\n\n\n\n<p><strong>Stanis\u0142aw Kusiak<\/strong> &#8211; ciekawo\u015b\u0107 \u015bwiata i ch\u0119\u0107 zobaczenia co si\u0119 dzieje za widnokr\u0119giem, poprowadzi\u0142y Prelegenta na szlaki do kraj\u00f3w Europy, Skandynawii, kraj\u00f3w Basenu Morza \u015ar\u00f3dziemnego. I tak by\u0142o od zawsze. Przebywaj\u0105c zawodowo cztery lata na Dolnym \u015al\u0105sku, odwiedzi\u0142 ponad 90 miejscowo\u015bci i miejsc, rejestruj\u0105c aparatem fotograficznym natur\u0119, krajobraz, infrastruktur\u0119 przemys\u0142ow\u0105 i architektur\u0119 poniemieck\u0105, w tym zamki i pa\u0142ace, b\u0119d\u0105ce cz\u0119sto w stanie agonalnym. Regularnie odwiedza bogate kulturowo Roztocze oraz Podkarpacie, gdzie uwiecznia obiekty cerkiewnej architektury drewnianej. Fotografowa\u0142 Jur\u0119 Krakowsko-Cz\u0119stochowsk\u0105 oraz zamki, pa\u0142ace i dwory na Szlaku Orlich Gniazd. Nie zapomina o Polesiu i Podlasiu, z ich wielkim dziedzictwem pogranicza wschodniego. Dokumentuje fotograficznie wyprawy krajowe i zagraniczne Polskiego Towarzystwa Geograficznego O\/Lublin. Przez wiele lat prowadzi\u0142 konkursy fotograficzne w Lubelskim Towarzystwie Fotograficznym). Zasoby fakto- i fotograficzne wykorzystuje w wystawach fotograficznych oraz reporta\u017cach filmowych. Zainteresowanie reporta\u017cem wyni\u00f3s\u0142 z kilkuletniego dziennikarskiego sta\u017cu, a obecnie prezentuje je w plac\u00f3wkach kultury Lubelszczyzny, Uniwersytetach Trzeciego Wieku, szko\u0142ach i na odczytach PTG. Fragmentami (cyklami) zbior\u00f3w dzieli si\u0119 r\u00f3wnie\u017c w Internecie na kilkunastu stronach tematycznych Facebooka.<\/p>\n","protected":false},"excerpt":{"rendered":"<p>30 listopada br., o godz. 17.15\u00a0(najbli\u017cszy czwartek) zapraszamy na kolejn\u0105 prelekcj\u0119 przygotowan\u0105 przez Oddzia\u0142 Lubelski Polskiego Towarzystwa Geograficznego. Naszym go\u015bciem [&hellip;]<\/p>\n","protected":false},"author":3,"featured_media":495,"comment_status":"open","ping_status":"open","sticky":false,"template":"","format":"standard","meta":{"footnotes":""},"categories":[7],"tags":[],"class_list":["post-493","post","type-post","status-publish","format-standard","has-post-thumbnail","hentry","category-odczyt"],"_links":{"self":[{"href":"https:\/\/ptgeogr.umcs.lublin.pl\/index.php\/wp-json\/wp\/v2\/posts\/493","targetHints":{"allow":["GET"]}}],"collection":[{"href":"https:\/\/ptgeogr.umcs.lublin.pl\/index.php\/wp-json\/wp\/v2\/posts"}],"about":[{"href":"https:\/\/ptgeogr.umcs.lublin.pl\/index.php\/wp-json\/wp\/v2\/types\/post"}],"author":[{"embeddable":true,"href":"https:\/\/ptgeogr.umcs.lublin.pl\/index.php\/wp-json\/wp\/v2\/users\/3"}],"replies":[{"embeddable":true,"href":"https:\/\/ptgeogr.umcs.lublin.pl\/index.php\/wp-json\/wp\/v2\/comments?post=493"}],"version-history":[{"count":2,"href":"https:\/\/ptgeogr.umcs.lublin.pl\/index.php\/wp-json\/wp\/v2\/posts\/493\/revisions"}],"predecessor-version":[{"id":496,"href":"https:\/\/ptgeogr.umcs.lublin.pl\/index.php\/wp-json\/wp\/v2\/posts\/493\/revisions\/496"}],"wp:featuredmedia":[{"embeddable":true,"href":"https:\/\/ptgeogr.umcs.lublin.pl\/index.php\/wp-json\/wp\/v2\/media\/495"}],"wp:attachment":[{"href":"https:\/\/ptgeogr.umcs.lublin.pl\/index.php\/wp-json\/wp\/v2\/media?parent=493"}],"wp:term":[{"taxonomy":"category","embeddable":true,"href":"https:\/\/ptgeogr.umcs.lublin.pl\/index.php\/wp-json\/wp\/v2\/categories?post=493"},{"taxonomy":"post_tag","embeddable":true,"href":"https:\/\/ptgeogr.umcs.lublin.pl\/index.php\/wp-json\/wp\/v2\/tags?post=493"}],"curies":[{"name":"wp","href":"https:\/\/api.w.org\/{rel}","templated":true}]}}