{"id":579,"date":"2024-02-10T19:00:14","date_gmt":"2024-02-10T18:00:14","guid":{"rendered":"http:\/\/ptgeogr.umcs.lublin.pl\/?p=579"},"modified":"2024-02-10T19:18:07","modified_gmt":"2024-02-10T18:18:07","slug":"wyniki-zawodow-pisemnych-etapu-okregowego-50-og","status":"publish","type":"post","link":"https:\/\/ptgeogr.umcs.lublin.pl\/index.php\/2024\/02\/10\/wyniki-zawodow-pisemnych-etapu-okregowego-50-og\/","title":{"rendered":"Wyniki zawod\u00f3w pisemnych etapu okr\u0119gowego 50. Olimpiady Geograficznej"},"content":{"rendered":"\n<p><strong>Lista zawodnik\u00f3w zakwalifikowanych do zawod\u00f3w ustnych w dniu 11 lutego 2024 r. w kolejno\u015bci startowania (porz\u0105dek rosn\u0105cy):<\/strong><\/p>\n\n\n\n<p><strong>RUDNICKI Szymon<\/strong>, klasa III, I Liceum Og\u00f3lnokszta\u0142c\u0105ce im. ONZ, Bi\u0142goraj<br><strong>KAROLCZAK Antoni, <\/strong>klasa  IV, I Liceum Og\u00f3lnokszta\u0142c\u0105ce im. ONZ, Bi\u0142goraj<br><strong>DANICKI Micha\u0142,<\/strong> klasa IV, XXIV Liceum Og\u00f3lnokszta\u0142c\u0105ce, Lublin<br><strong>DUDEK Antoni, <\/strong>klasa IV, I Liceum Og\u00f3lnokszta\u0142c\u0105ce im. ONZ, Bi\u0142goraj<br><strong>DEMCZUK Hanna,<\/strong> klasa III, II Liceum Og\u00f3lnokszta\u0142c\u0105ce, Lublin<br><strong>MARZEC Zuzanna,<\/strong> klasa I III, Liceum Og\u00f3lnokszta\u0142c\u0105ce im. Unii Lubelskiej, Lublin<br><strong>WYSOCKI Julian,<\/strong> klasa II, Liceum Og\u00f3lnokszta\u0142c\u0105ce im. Jana III Sobieskiego, Lublin<br><strong>SKIBI\u0143SKI Micha\u0142,<\/strong> klasa IV, I Liceum og\u00f3lnokszta\u0142c\u0105ce im. Jana Zamoyskiego, Zamo\u015b\u0107<br><strong>SZUBIAK Anna,<\/strong> klasa III, I Liceum Og\u00f3lnokszta\u0142c\u0105ce im. ONZ, Bi\u0142goraj<br><strong>BABIAK Kamil,<\/strong> klasa IV, Reg. Centrum Edukacji Zawodowej w Lubartowie, Lubart\u00f3w<br><strong>MASZKOWSKI Mateusz,<\/strong> klasa III, Prywatne Liceum Og\u00f3lnokszta\u0142c\u0105ce im. Kr\u00f3lowej Jadwigi w Lublinie, Lublin<\/p>\n\n\n\n<p><strong><a href=\"https:\/\/drive.google.com\/file\/d\/1_NTtG83yPR0YkFSH2PJlCaqyvqaxOvog\/view?usp=sharing\" data-type=\"link\" data-id=\"https:\/\/drive.google.com\/file\/d\/1_NTtG83yPR0YkFSH2PJlCaqyvqaxOvog\/view?usp=sharing\" target=\"_blank\" rel=\"noreferrer noopener\">Wyniki zawod\u00f3w pisemnych etapu okr\u0119gowego w Lublinie 50. Olimpiady Geograficznej w dniu 10 lutego 2024 r. (plik *.pdf)<\/a><\/strong><\/p>\n\n\n\n<p><\/p>\n\n\n\n<p><\/p>\n","protected":false},"excerpt":{"rendered":"<p>Lista zawodnik\u00f3w zakwalifikowanych do zawod\u00f3w ustnych w dniu 11 lutego 2024 r. w kolejno\u015bci startowania (porz\u0105dek rosn\u0105cy): RUDNICKI Szymon, klasa [&hellip;]<\/p>\n","protected":false},"author":3,"featured_media":574,"comment_status":"open","ping_status":"open","sticky":false,"template":"","format":"standard","meta":{"footnotes":""},"categories":[12],"tags":[],"class_list":["post-579","post","type-post","status-publish","format-standard","has-post-thumbnail","hentry","category-olimpiada-geograficzna"],"_links":{"self":[{"href":"https:\/\/ptgeogr.umcs.lublin.pl\/index.php\/wp-json\/wp\/v2\/posts\/579","targetHints":{"allow":["GET"]}}],"collection":[{"href":"https:\/\/ptgeogr.umcs.lublin.pl\/index.php\/wp-json\/wp\/v2\/posts"}],"about":[{"href":"https:\/\/ptgeogr.umcs.lublin.pl\/index.php\/wp-json\/wp\/v2\/types\/post"}],"author":[{"embeddable":true,"href":"https:\/\/ptgeogr.umcs.lublin.pl\/index.php\/wp-json\/wp\/v2\/users\/3"}],"replies":[{"embeddable":true,"href":"https:\/\/ptgeogr.umcs.lublin.pl\/index.php\/wp-json\/wp\/v2\/comments?post=579"}],"version-history":[{"count":6,"href":"https:\/\/ptgeogr.umcs.lublin.pl\/index.php\/wp-json\/wp\/v2\/posts\/579\/revisions"}],"predecessor-version":[{"id":586,"href":"https:\/\/ptgeogr.umcs.lublin.pl\/index.php\/wp-json\/wp\/v2\/posts\/579\/revisions\/586"}],"wp:featuredmedia":[{"embeddable":true,"href":"https:\/\/ptgeogr.umcs.lublin.pl\/index.php\/wp-json\/wp\/v2\/media\/574"}],"wp:attachment":[{"href":"https:\/\/ptgeogr.umcs.lublin.pl\/index.php\/wp-json\/wp\/v2\/media?parent=579"}],"wp:term":[{"taxonomy":"category","embeddable":true,"href":"https:\/\/ptgeogr.umcs.lublin.pl\/index.php\/wp-json\/wp\/v2\/categories?post=579"},{"taxonomy":"post_tag","embeddable":true,"href":"https:\/\/ptgeogr.umcs.lublin.pl\/index.php\/wp-json\/wp\/v2\/tags?post=579"}],"curies":[{"name":"wp","href":"https:\/\/api.w.org\/{rel}","templated":true}]}}