{"id":735,"date":"2024-11-08T10:51:47","date_gmt":"2024-11-08T09:51:47","guid":{"rendered":"https:\/\/ptgeogr.umcs.lublin.pl\/?p=735"},"modified":"2024-11-08T11:14:56","modified_gmt":"2024-11-08T10:14:56","slug":"kiszyniow-polslodki-brutal","status":"publish","type":"post","link":"https:\/\/ptgeogr.umcs.lublin.pl\/index.php\/2024\/11\/08\/kiszyniow-polslodki-brutal\/","title":{"rendered":"Kiszyni\u00f3w \u2013 p\u00f3\u0142s\u0142odki brutal"},"content":{"rendered":"\n<p>W <strong>czwartek (14 listopada br.) o godz. 17.15,<\/strong>&nbsp;zapraszamy na odczyt w ramach cotygodniowych wyk\u0142ad\u00f3w przygotowanych przez&nbsp;<strong>Oddzia\u0142 Lubelski Polskiego Towarzystwa Geograficznego<\/strong>. Go\u015bciem b\u0119dzie&nbsp;<strong>dr Kamil Nie\u015bcioruk (UP Lublin)<\/strong>, kt\u00f3ry przedstawi odczyt&nbsp;<strong>\u201eKiszyni\u00f3w \u2013 p\u00f3\u0142s\u0142odki brutal\u201d.<\/strong><\/p>\n\n\n\n<p>Spotkanie odb\u0119dzie si\u0119 w Auli WNoZiGP UMCS w Lublinie (Al. Kra\u015bnicka 2d). Wst\u0119p wolny.<\/p>\n\n\n\n<p>ZAPRASZAMY!<\/p>\n\n\n\n<p><strong>O odczycie<\/strong>:<\/p>\n\n\n\n<p>Mo\u0142dawia to jeden z najrzadziej odwiedzanych kraj\u00f3w Europy. Na niski ruch turystyczny wp\u0142ywa niepewna sytuacja w Naddniestrzu, radzieckie pozosta\u0142o\u015bci \u2013 zar\u00f3wno mentalne, jak i materialne \u2013 oraz pozorna nieatrakcyjno\u015b\u0107 niewielkiego kraju o s\u0142abej ekonomii. Tymczasem Mo\u0142dawia jest polecana jako cel dla tych, kt\u00f3rzy szukaj\u0105 w turystyce autentyczno\u015bci, coraz trudniejszej do odnalezienia. A jaki jest Kiszyni\u00f3w? Czy to tylko postsowieckie, szare blokowisko, per\u0142a besarabskiej architektury, czy mo\u017ce mekka dla mi\u0142o\u015bnik\u00f3w dobrego jedzenia i wina, z kt\u00f3rego Mo\u0142dawianie s\u0105 szczeg\u00f3lnie dumni? A mo\u017ce\u2026 wszystko po trochu?<\/p>\n\n\n\n<p><strong>Dr Kamil Nie\u015bcioruk<\/strong>:<\/p>\n\n\n\n<p>Geograf &#8211; kartograf, absolwent UMCS, adiunkt dydaktyczny w Katedrze Geodezji i Informacji Przestrzennej Uniwersytetu Przyrodniczego w Lublinie, lubi opowiada\u0107 o mapach, ich historii oraz o przestrzeni i naszej z ni\u0105 interakcji na r\u00f3\u017cne sposoby.<\/p>\n","protected":false},"excerpt":{"rendered":"<p>W czwartek (14 listopada br.) o godz. 17.15,&nbsp;zapraszamy na odczyt w ramach cotygodniowych wyk\u0142ad\u00f3w przygotowanych przez&nbsp;Oddzia\u0142 Lubelski Polskiego Towarzystwa Geograficznego. [&hellip;]<\/p>\n","protected":false},"author":3,"featured_media":737,"comment_status":"open","ping_status":"open","sticky":false,"template":"","format":"standard","meta":{"footnotes":""},"categories":[1,7],"tags":[],"class_list":["post-735","post","type-post","status-publish","format-standard","has-post-thumbnail","hentry","category-bez-kategorii","category-odczyt"],"_links":{"self":[{"href":"https:\/\/ptgeogr.umcs.lublin.pl\/index.php\/wp-json\/wp\/v2\/posts\/735","targetHints":{"allow":["GET"]}}],"collection":[{"href":"https:\/\/ptgeogr.umcs.lublin.pl\/index.php\/wp-json\/wp\/v2\/posts"}],"about":[{"href":"https:\/\/ptgeogr.umcs.lublin.pl\/index.php\/wp-json\/wp\/v2\/types\/post"}],"author":[{"embeddable":true,"href":"https:\/\/ptgeogr.umcs.lublin.pl\/index.php\/wp-json\/wp\/v2\/users\/3"}],"replies":[{"embeddable":true,"href":"https:\/\/ptgeogr.umcs.lublin.pl\/index.php\/wp-json\/wp\/v2\/comments?post=735"}],"version-history":[{"count":3,"href":"https:\/\/ptgeogr.umcs.lublin.pl\/index.php\/wp-json\/wp\/v2\/posts\/735\/revisions"}],"predecessor-version":[{"id":740,"href":"https:\/\/ptgeogr.umcs.lublin.pl\/index.php\/wp-json\/wp\/v2\/posts\/735\/revisions\/740"}],"wp:featuredmedia":[{"embeddable":true,"href":"https:\/\/ptgeogr.umcs.lublin.pl\/index.php\/wp-json\/wp\/v2\/media\/737"}],"wp:attachment":[{"href":"https:\/\/ptgeogr.umcs.lublin.pl\/index.php\/wp-json\/wp\/v2\/media?parent=735"}],"wp:term":[{"taxonomy":"category","embeddable":true,"href":"https:\/\/ptgeogr.umcs.lublin.pl\/index.php\/wp-json\/wp\/v2\/categories?post=735"},{"taxonomy":"post_tag","embeddable":true,"href":"https:\/\/ptgeogr.umcs.lublin.pl\/index.php\/wp-json\/wp\/v2\/tags?post=735"}],"curies":[{"name":"wp","href":"https:\/\/api.w.org\/{rel}","templated":true}]}}