{"id":745,"date":"2024-11-25T17:40:24","date_gmt":"2024-11-25T16:40:24","guid":{"rendered":"https:\/\/ptgeogr.umcs.lublin.pl\/?p=745"},"modified":"2024-11-25T17:44:21","modified_gmt":"2024-11-25T16:44:21","slug":"przez-gory-macedonii-i-albanii-nad-adriatyk-i-morze-jonskie-powycieczkowe-reminiscencje","status":"publish","type":"post","link":"https:\/\/ptgeogr.umcs.lublin.pl\/index.php\/2024\/11\/25\/przez-gory-macedonii-i-albanii-nad-adriatyk-i-morze-jonskie-powycieczkowe-reminiscencje\/","title":{"rendered":"Przez g\u00f3ry Macedonii i Albanii nad Adriatyk i Morze Jo\u0144skie \u2013 powycieczkowe reminiscencje"},"content":{"rendered":"\n<p><strong>W czwartek (28 listopada br.) o godz. 17.15,<\/strong> zapraszamy na odczyt w ramach cotygodniowych wyk\u0142ad\u00f3w przygotowanych przez Oddzia\u0142 Lubelski Polskiego Towarzystwa Geograficznego pt.: <strong>\u201ePrzez g\u00f3ry Macedonii i Albanii nad Adriatyk i Morze Jo\u0144skie \u2013 powycieczkowe reminiscencje\u201d<\/strong>. Wyk\u0142ad odb\u0119dzie si\u0119 na Wydziale Nauk o Ziemi i Gospodarki Przestrzennej (al. Kra\u015bnicka 2D) w auli im. E. Romera (I pi\u0119tro). <strong>Prelekcje wyg\u0142osi Rados\u0142aw Ho\u0142owczyc znany jako \u201eEryk Radek\u201d prezentuj\u0105c fotografie wykonane przez Stanis\u0142awa Kusiaka<\/strong>. Wst\u0119p wolny! &nbsp;Zapraszamy!<\/p>\n\n\n\n<p><strong>O prelekcji:<\/strong><\/p>\n\n\n\n<p>Albania to ma\u0142y kraj o powierzchni 28&nbsp;748 km<sup>2<\/sup> malowniczo p\u0142o\u017cony na Ba\u0142kanach nad morzem Adriatyckim i Jo\u0144skim. Jest to kraj pe\u0142en kontrast\u00f3w. Przepi\u0119kne g\u00f3ry, dziewicza przyroda i wspania\u0142e zabytki czyni\u0105 Albani\u0119 bardzo atrakcyjnym regionem turystycznym. W ramach odczytu zaprezentowane zostan\u0105 miasta, miejsca, zabytki, osobliwo\u015bci kultury niematerialnej i krajobrazy, kt\u00f3re znajdowa\u0142y si\u0119 na trasie wyprawy cz\u0142onk\u00f3w i sympatyk\u00f3w Oddzia\u0142u Lubelskiego PTG w lipcu 2024 r.<\/p>\n\n\n\n<p><strong>Rados\u0142aw Ho\u0142owczyc \u201eEryk Radek\u201d<\/strong><\/p>\n\n\n\n<p>Z turystyk\u0105 zwi\u0105zany jest 2009 roku, a z Ba\u0142kanami od 2013 roku, kiedy to zacz\u0105\u0142 pilotowa\u0107 wycieczki w tej cz\u0119\u015bci Europy. Zanim osiad\u0142 w Kraju Or\u0142\u00f3w, mieszka\u0142 w Bu\u0142garii, gdzie przez dwa lata pracowa\u0142 jako rezydent i przewodnik. Kilka lat temu przyjecha\u0142 do Albanii, do Sarandy, ale to w Gjirokastrze odnalaz\u0142 swoje miejsce na Ziemi. Gjirokastra jest dla niego najpi\u0119kniejszym miastem Albanii i stara si\u0119 to pi\u0119kno pokazywa\u0107 odwiedzaj\u0105cym.<\/p>\n\n\n\n<p>Jest za\u0142o\u017cycielem Gjirokastrapl. W alba\u0144skiej turystyce pracuje od 2019 roku. W 2020 roku uko\u0144czy\u0142 kurs na przewodnika miejskiego w Gjirokastrze, a rok p\u00f3\u017aniej kurs na przewodnika terenowego po regionie. Uko\u0144czy\u0142 tak\u017ce akredytowany przez alba\u0144skie Ministerstwo Turystyki kurs przewodnika po ca\u0142ej Albanii.<\/p>\n\n\n\n<p>W swojej pracy k\u0142adzie nacisk na pokazanie kultury kraju. Mieszkaj\u0105c w mie\u015bcie uznawanym za najbardziej tradycyjne w Albanii, maj\u0105c codzienny kontakt z Alba\u0144czykami i ich zwyczajami, stara si\u0119 by\u0107 t\u0142umaczem kulturowym dla wszystkich, kt\u00f3rzy z nim poznaj\u0105 \u201ejego\u201d kawa\u0142ek kraju. Czerpi\u0105c z do\u015bwiadczenia codziennego \u017cycia w Albanii, z pasj\u0105 opowiada o sprawach, kt\u00f3rych nie ma w \u017cadnym przewodniku.<\/p>\n\n\n\n<p><strong>Stanis\u0142aw Kusiak<\/strong><\/p>\n\n\n\n<p>Ciekawo\u015b\u0107 \u015bwiata i ch\u0119\u0107 zobaczenia, co si\u0119 dzieje za widnokr\u0119giem, prowadz\u0105 Stanis\u0142awa Kusiaka po szlakach krajowych i zagranicznych. Rejestruje aparatem fotograficznym natur\u0119, krajobraz i architektur\u0119, Podpatruje ludzi w codziennym \u017cyciu i artystycznych dzia\u0142aniach. Po powrocie tworzy reporta\u017ce filmowe. Dokumentuje fotograficznie wyprawy krajowe i zagraniczne Oddzia\u0142u Lubelskiego Polskiego Towarzystwa Geograficznego.<\/p>\n","protected":false},"excerpt":{"rendered":"<p>W czwartek (28 listopada br.) o godz. 17.15, zapraszamy na odczyt w ramach cotygodniowych wyk\u0142ad\u00f3w przygotowanych przez Oddzia\u0142 Lubelski Polskiego [&hellip;]<\/p>\n","protected":false},"author":3,"featured_media":746,"comment_status":"open","ping_status":"open","sticky":false,"template":"","format":"standard","meta":{"footnotes":""},"categories":[7],"tags":[],"class_list":["post-745","post","type-post","status-publish","format-standard","has-post-thumbnail","hentry","category-odczyt"],"_links":{"self":[{"href":"https:\/\/ptgeogr.umcs.lublin.pl\/index.php\/wp-json\/wp\/v2\/posts\/745","targetHints":{"allow":["GET"]}}],"collection":[{"href":"https:\/\/ptgeogr.umcs.lublin.pl\/index.php\/wp-json\/wp\/v2\/posts"}],"about":[{"href":"https:\/\/ptgeogr.umcs.lublin.pl\/index.php\/wp-json\/wp\/v2\/types\/post"}],"author":[{"embeddable":true,"href":"https:\/\/ptgeogr.umcs.lublin.pl\/index.php\/wp-json\/wp\/v2\/users\/3"}],"replies":[{"embeddable":true,"href":"https:\/\/ptgeogr.umcs.lublin.pl\/index.php\/wp-json\/wp\/v2\/comments?post=745"}],"version-history":[{"count":1,"href":"https:\/\/ptgeogr.umcs.lublin.pl\/index.php\/wp-json\/wp\/v2\/posts\/745\/revisions"}],"predecessor-version":[{"id":747,"href":"https:\/\/ptgeogr.umcs.lublin.pl\/index.php\/wp-json\/wp\/v2\/posts\/745\/revisions\/747"}],"wp:featuredmedia":[{"embeddable":true,"href":"https:\/\/ptgeogr.umcs.lublin.pl\/index.php\/wp-json\/wp\/v2\/media\/746"}],"wp:attachment":[{"href":"https:\/\/ptgeogr.umcs.lublin.pl\/index.php\/wp-json\/wp\/v2\/media?parent=745"}],"wp:term":[{"taxonomy":"category","embeddable":true,"href":"https:\/\/ptgeogr.umcs.lublin.pl\/index.php\/wp-json\/wp\/v2\/categories?post=745"},{"taxonomy":"post_tag","embeddable":true,"href":"https:\/\/ptgeogr.umcs.lublin.pl\/index.php\/wp-json\/wp\/v2\/tags?post=745"}],"curies":[{"name":"wp","href":"https:\/\/api.w.org\/{rel}","templated":true}]}}