{"id":767,"date":"2024-12-11T20:11:48","date_gmt":"2024-12-11T19:11:48","guid":{"rendered":"https:\/\/ptgeogr.umcs.lublin.pl\/?p=767"},"modified":"2025-01-09T20:29:58","modified_gmt":"2025-01-09T19:29:58","slug":"kongres-geografii-polskiej-2025","status":"publish","type":"post","link":"https:\/\/ptgeogr.umcs.lublin.pl\/index.php\/2024\/12\/11\/kongres-geografii-polskiej-2025\/","title":{"rendered":"Kongres Geografii Polskiej 2025"},"content":{"rendered":"\n<p>Serdecznie zapraszamy na <strong>Kongres Geografii Polskiej<\/strong>, kt\u00f3ry odb\u0119dzie si\u0119 w Lublinie w dniach 10\u201314 wrze\u015bnia 2025 r. pod has\u0142em <strong>\u201eGeografia bez granic\u201d<\/strong>. W ramach wydarzenia odb\u0119dzie si\u0119 tak\u017ce <strong>65. Zjazd Polskiego Towarzystwa Geograficznego<\/strong>.<\/p>\n\n\n\n<p>Kongres to wyj\u0105tkowa okazja do integracji \u015brodowiska geograf\u00f3w, prezentacji wynik\u00f3w bada\u0144 oraz udzia\u0142u w sesjach tematycznych, posterowych i terenowych.<\/p>\n\n\n\n<p>Szczeg\u00f3\u0142owe informacje dost\u0119pne s\u0105 na stronie: <a href=\"https:\/\/www.umcs.pl\/pl\/kgp2025.htm\">https:\/\/www.umcs.pl\/pl\/kgp2025.htm<\/a>.<\/p>\n\n\n\n<p>Do zobaczenia w Lublinie!<\/p>\n","protected":false},"excerpt":{"rendered":"<p>Serdecznie zapraszamy na Kongres Geografii Polskiej, kt\u00f3ry odb\u0119dzie si\u0119 w Lublinie w dniach 10\u201314 wrze\u015bnia 2025 r. pod has\u0142em \u201eGeografia [&hellip;]<\/p>\n","protected":false},"author":3,"featured_media":764,"comment_status":"open","ping_status":"open","sticky":false,"template":"","format":"standard","meta":{"footnotes":""},"categories":[13,6],"tags":[],"class_list":["post-767","post","type-post","status-publish","format-standard","has-post-thumbnail","hentry","category-komunikat","category-konferencje"],"_links":{"self":[{"href":"https:\/\/ptgeogr.umcs.lublin.pl\/index.php\/wp-json\/wp\/v2\/posts\/767","targetHints":{"allow":["GET"]}}],"collection":[{"href":"https:\/\/ptgeogr.umcs.lublin.pl\/index.php\/wp-json\/wp\/v2\/posts"}],"about":[{"href":"https:\/\/ptgeogr.umcs.lublin.pl\/index.php\/wp-json\/wp\/v2\/types\/post"}],"author":[{"embeddable":true,"href":"https:\/\/ptgeogr.umcs.lublin.pl\/index.php\/wp-json\/wp\/v2\/users\/3"}],"replies":[{"embeddable":true,"href":"https:\/\/ptgeogr.umcs.lublin.pl\/index.php\/wp-json\/wp\/v2\/comments?post=767"}],"version-history":[{"count":3,"href":"https:\/\/ptgeogr.umcs.lublin.pl\/index.php\/wp-json\/wp\/v2\/posts\/767\/revisions"}],"predecessor-version":[{"id":779,"href":"https:\/\/ptgeogr.umcs.lublin.pl\/index.php\/wp-json\/wp\/v2\/posts\/767\/revisions\/779"}],"wp:featuredmedia":[{"embeddable":true,"href":"https:\/\/ptgeogr.umcs.lublin.pl\/index.php\/wp-json\/wp\/v2\/media\/764"}],"wp:attachment":[{"href":"https:\/\/ptgeogr.umcs.lublin.pl\/index.php\/wp-json\/wp\/v2\/media?parent=767"}],"wp:term":[{"taxonomy":"category","embeddable":true,"href":"https:\/\/ptgeogr.umcs.lublin.pl\/index.php\/wp-json\/wp\/v2\/categories?post=767"},{"taxonomy":"post_tag","embeddable":true,"href":"https:\/\/ptgeogr.umcs.lublin.pl\/index.php\/wp-json\/wp\/v2\/tags?post=767"}],"curies":[{"name":"wp","href":"https:\/\/api.w.org\/{rel}","templated":true}]}}