{"id":770,"date":"2024-12-15T20:17:41","date_gmt":"2024-12-15T19:17:41","guid":{"rendered":"https:\/\/ptgeogr.umcs.lublin.pl\/?p=770"},"modified":"2024-12-16T08:53:50","modified_gmt":"2024-12-16T07:53:50","slug":"zyczenia-swiateczne-i-noworoczne-2","status":"publish","type":"post","link":"https:\/\/ptgeogr.umcs.lublin.pl\/index.php\/2024\/12\/15\/zyczenia-swiateczne-i-noworoczne-2\/","title":{"rendered":"\u017byczenia \u015awi\u0105teczne i Noworoczne"},"content":{"rendered":"\n<p><strong>Drodzy Cz\u0142onkowie i Sympatycy Oddzia\u0142u Lubelskiego Polskiego Towarzystwa Geograficznego,<\/strong><\/p>\n\n\n\n<p>Z okazji nadchodz\u0105cych \u015awi\u0105t Bo\u017cego Narodzenia oraz Nowego Roku 2025, Zarz\u0105d Oddzia\u0142u Lubelskiego PTG pragnie z\u0142o\u017cy\u0107 Wam najserdeczniejsze \u017cyczenia. Niech ten wyj\u0105tkowy czas wype\u0142ni\u0105 rado\u015b\u0107, spok\u00f3j i chwile sp\u0119dzone w gronie najbli\u017cszych.<\/p>\n\n\n\n<p>\u017byczymy Wam, aby nadchodz\u0105cy rok obfitowa\u0142 w pomy\u015blno\u015b\u0107, inspiracje naukowe, spe\u0142nienie marze\u0144 oraz satysfakcj\u0119 z podejmowanych dzia\u0142a\u0144 zawodowych i osobistych. Niech ka\u017cda podr\u00f3\u017c &#8211; zar\u00f3wno ta geograficzna, jak i \u017cyciowa &#8211; przynosi niezapomniane do\u015bwiadczenia i otwiera przed Wami nowe horyzonty.<\/p>\n\n\n\n<p>Dzi\u0119kujemy za Wasze wsparcie i zaanga\u017cowanie w dzia\u0142alno\u015b\u0107 naszego Oddzia\u0142u, kt\u00f3re przyczynia si\u0119 do wsp\u00f3lnego rozwoju pasji geograficznych. W nadchodz\u0105cym roku \u017cyczymy Wam dalszej satysfakcji z pracy badawczej i dydaktycznej, a naszym drogim emerytom rado\u015bci z dzielenia si\u0119 swoim do\u015bwiadczeniem i spokojnych chwil na realizacj\u0119 osobistych pasji, kt\u00f3re zawsze nas inspiruj\u0105, oraz wielu sukces\u00f3w w realizacji wszystkich Waszych zamierze\u0144.<\/p>\n\n\n\n<p>Weso\u0142ych \u015awi\u0105t i szcz\u0119\u015bliwego Nowego Roku!<br>Z wyrazami szacunku,<br><strong>Zarz\u0105d Oddzia\u0142u Lubelskiego PTG<\/strong><\/p>\n","protected":false},"excerpt":{"rendered":"<p>Drodzy Cz\u0142onkowie i Sympatycy Oddzia\u0142u Lubelskiego Polskiego Towarzystwa Geograficznego, Z okazji nadchodz\u0105cych \u015awi\u0105t Bo\u017cego Narodzenia oraz Nowego Roku 2025, Zarz\u0105d [&hellip;]<\/p>\n","protected":false},"author":3,"featured_media":771,"comment_status":"open","ping_status":"open","sticky":false,"template":"","format":"standard","meta":{"footnotes":""},"categories":[8],"tags":[],"class_list":["post-770","post","type-post","status-publish","format-standard","has-post-thumbnail","hentry","category-zyczenia"],"_links":{"self":[{"href":"https:\/\/ptgeogr.umcs.lublin.pl\/index.php\/wp-json\/wp\/v2\/posts\/770","targetHints":{"allow":["GET"]}}],"collection":[{"href":"https:\/\/ptgeogr.umcs.lublin.pl\/index.php\/wp-json\/wp\/v2\/posts"}],"about":[{"href":"https:\/\/ptgeogr.umcs.lublin.pl\/index.php\/wp-json\/wp\/v2\/types\/post"}],"author":[{"embeddable":true,"href":"https:\/\/ptgeogr.umcs.lublin.pl\/index.php\/wp-json\/wp\/v2\/users\/3"}],"replies":[{"embeddable":true,"href":"https:\/\/ptgeogr.umcs.lublin.pl\/index.php\/wp-json\/wp\/v2\/comments?post=770"}],"version-history":[{"count":2,"href":"https:\/\/ptgeogr.umcs.lublin.pl\/index.php\/wp-json\/wp\/v2\/posts\/770\/revisions"}],"predecessor-version":[{"id":773,"href":"https:\/\/ptgeogr.umcs.lublin.pl\/index.php\/wp-json\/wp\/v2\/posts\/770\/revisions\/773"}],"wp:featuredmedia":[{"embeddable":true,"href":"https:\/\/ptgeogr.umcs.lublin.pl\/index.php\/wp-json\/wp\/v2\/media\/771"}],"wp:attachment":[{"href":"https:\/\/ptgeogr.umcs.lublin.pl\/index.php\/wp-json\/wp\/v2\/media?parent=770"}],"wp:term":[{"taxonomy":"category","embeddable":true,"href":"https:\/\/ptgeogr.umcs.lublin.pl\/index.php\/wp-json\/wp\/v2\/categories?post=770"},{"taxonomy":"post_tag","embeddable":true,"href":"https:\/\/ptgeogr.umcs.lublin.pl\/index.php\/wp-json\/wp\/v2\/tags?post=770"}],"curies":[{"name":"wp","href":"https:\/\/api.w.org\/{rel}","templated":true}]}}