{"id":776,"date":"2025-01-08T10:55:47","date_gmt":"2025-01-08T09:55:47","guid":{"rendered":"https:\/\/ptgeogr.umcs.lublin.pl\/?p=776"},"modified":"2025-01-08T10:56:40","modified_gmt":"2025-01-08T09:56:40","slug":"bieszczady-fenomen-spoleczny","status":"publish","type":"post","link":"https:\/\/ptgeogr.umcs.lublin.pl\/index.php\/2025\/01\/08\/bieszczady-fenomen-spoleczny\/","title":{"rendered":"Bieszczady \u2013 fenomen spo\u0142eczny"},"content":{"rendered":"\n<p><strong>9 stycznia 2025 roku (najbli\u017cszy czwartek) o godz. 17.15<\/strong>&nbsp;zapraszamy na pierwsze w tym roku spotkanie organizowane w ramach cotygodniowych wyk\u0142ad\u00f3w przygotowanych przez Oddzia\u0142 Lubelski Polskiego Towarzystwa Geograficznego. Naszym Go\u015bciem b\u0119dzie mgr Stanis\u0142aw Sieradzki, kt\u00f3ry podczas swojej prelekcji&nbsp;<strong>\u201eBieszczady \u2013 fenomen spo\u0142eczny\u201d<\/strong>, przybli\u017cy nam specyfik\u0119 tego popularnego turystycznie regionu.<\/p>\n\n\n\n<p>Na spotkanie zapraszamy do Auli Wydzia\u0142u NoZiGP UMCS (al. Kra\u015bnicka 2D w Lublinie, I pi\u0119tro). Wst\u0119p wolny! Zapraszamy!<\/p>\n\n\n\n<p><strong><u>O prelekcji od Autora:<\/u><\/strong><\/p>\n\n\n\n<p>Po II wojnie \u015bwiatowej Bieszczady by\u0142y krain\u0105 ca\u0142kowicie wyludnion\u0105 i zdewastowan\u0105. Jest to w naszych czasach zjawisko wyj\u0105tkowe i jedyne takie w Europie. Autor przedstawi proces wyludnienia Bieszczad\u00f3w i jego powt\u00f3rne zaludnienie i zagospodarowanie. Jest to niew\u0105tpliwie zjawisko, kt\u00f3re mo\u017cna okre\u015bli\u0107 fenomenem spo\u0142ecznym.<\/p>\n\n\n\n<p><strong>Stanis\u0142aw Sieradzki<\/strong><\/p>\n\n\n\n<p>Z wykszta\u0142cenia geolog (uko\u0144czone studia na Uniwersytecie Wroc\u0142awskim oraz studia podyplomowe na AGH w Krakowie), zawodowo zajmowa\u0142 si\u0119 poszukiwaniem z\u0142\u00f3\u017c ropy naftowej i gazu ziemnego w Polsce, obecnie emeryt.&nbsp;&nbsp;Aktualnie pe\u0142ni funkcj\u0119 Prezesa Oddzia\u0142u PTTK \u201eZiemia Sanocka\u201d w Sanoku oraz funkcj\u0119 Przewodnicz\u0105cego Delegatury Wschodnio-Karpackiej Komisji Turystyki G\u00f3rskiej ZG PTTK, cz\u0142onek G\u0142\u00f3wnego S\u0105du Kole\u017ce\u0144skiego PTTK, przewodnik beskidzki, pilot wycieczek, Instruktor Przewodnictwa, Instruktor Krajoznawstwa&nbsp;&nbsp;Polski, Przodownik Turystyki G\u00f3rskiej PTTK, kierownik kurs\u00f3w przewodnickich, cz\u0142onek Podkarpackiej Komisji Egzaminacyjnej Przewodnik\u00f3w G\u00f3rskich, wieloletni kierownik, a p\u00f3\u017aniej komandor Og\u00f3lnopolskich Bieszczadzkich Rajd\u00f3w Narciarskich. Organizator rajd\u00f3w g\u00f3rskich w Karpaty Wschodnie. Najwi\u0119ksz\u0105 jego pasj\u0105 s\u0105 Bieszczady oraz wyprawy g\u00f3rskie w najodleglejsze zak\u0105tki \u015bwiata \u2013 zdobywa\u0142 szczyty w Alpach, Karpatach, Himalajach, Andach, Kaukazie, Apeninach, Pirenejach, Kordylierach, na Ba\u0142kanach, w G\u00f3rach Skandynawskich, w G\u00f3rach Betyckich, w G\u00f3rach Atlasu, a nawet na Grenlandii i Nowej Zelandii.<\/p>\n","protected":false},"excerpt":{"rendered":"<p>9 stycznia 2025 roku (najbli\u017cszy czwartek) o godz. 17.15&nbsp;zapraszamy na pierwsze w tym roku spotkanie organizowane w ramach cotygodniowych wyk\u0142ad\u00f3w [&hellip;]<\/p>\n","protected":false},"author":3,"featured_media":778,"comment_status":"open","ping_status":"open","sticky":false,"template":"","format":"standard","meta":{"footnotes":""},"categories":[7],"tags":[],"class_list":["post-776","post","type-post","status-publish","format-standard","has-post-thumbnail","hentry","category-odczyt"],"_links":{"self":[{"href":"https:\/\/ptgeogr.umcs.lublin.pl\/index.php\/wp-json\/wp\/v2\/posts\/776","targetHints":{"allow":["GET"]}}],"collection":[{"href":"https:\/\/ptgeogr.umcs.lublin.pl\/index.php\/wp-json\/wp\/v2\/posts"}],"about":[{"href":"https:\/\/ptgeogr.umcs.lublin.pl\/index.php\/wp-json\/wp\/v2\/types\/post"}],"author":[{"embeddable":true,"href":"https:\/\/ptgeogr.umcs.lublin.pl\/index.php\/wp-json\/wp\/v2\/users\/3"}],"replies":[{"embeddable":true,"href":"https:\/\/ptgeogr.umcs.lublin.pl\/index.php\/wp-json\/wp\/v2\/comments?post=776"}],"version-history":[{"count":1,"href":"https:\/\/ptgeogr.umcs.lublin.pl\/index.php\/wp-json\/wp\/v2\/posts\/776\/revisions"}],"predecessor-version":[{"id":777,"href":"https:\/\/ptgeogr.umcs.lublin.pl\/index.php\/wp-json\/wp\/v2\/posts\/776\/revisions\/777"}],"wp:featuredmedia":[{"embeddable":true,"href":"https:\/\/ptgeogr.umcs.lublin.pl\/index.php\/wp-json\/wp\/v2\/media\/778"}],"wp:attachment":[{"href":"https:\/\/ptgeogr.umcs.lublin.pl\/index.php\/wp-json\/wp\/v2\/media?parent=776"}],"wp:term":[{"taxonomy":"category","embeddable":true,"href":"https:\/\/ptgeogr.umcs.lublin.pl\/index.php\/wp-json\/wp\/v2\/categories?post=776"},{"taxonomy":"post_tag","embeddable":true,"href":"https:\/\/ptgeogr.umcs.lublin.pl\/index.php\/wp-json\/wp\/v2\/tags?post=776"}],"curies":[{"name":"wp","href":"https:\/\/api.w.org\/{rel}","templated":true}]}}