{"id":781,"date":"2025-01-14T14:05:49","date_gmt":"2025-01-14T13:05:49","guid":{"rendered":"https:\/\/ptgeogr.umcs.lublin.pl\/?p=781"},"modified":"2025-01-14T14:05:51","modified_gmt":"2025-01-14T13:05:51","slug":"tuk-tukiem-motocyklem-pociagiem-idealny-sposob-na-cejlon","status":"publish","type":"post","link":"https:\/\/ptgeogr.umcs.lublin.pl\/index.php\/2025\/01\/14\/tuk-tukiem-motocyklem-pociagiem-idealny-sposob-na-cejlon\/","title":{"rendered":"Tuk-tukiem, motocyklem, poci\u0105giem\u2026 Idealny spos\u00f3b na Cejlon?"},"content":{"rendered":"\n<p>Zapraszamy na kolejny odczyt organizowany przez Oddzia\u0142 Lubelski Polskiego Towarzystwa Geograficznego, kt\u00f3ry odb\u0119dzie w najbli\u017cszy czwartek, <strong>16 stycznia 2025 r., o godz. 18.30 w Ma\u0142ej Sali Widowiskowej ACKiM UMCS Chatka \u017baka.<\/strong> O tym jak i czy warto zwiedzi\u0107 Sri Lank\u0119 opowie <strong>dr Katarzyna Mi\u0119siak-W\u00f3jcik<\/strong> podczas prelekcji <strong><em>Tuk-tukiem, motocyklem, poci\u0105giem\u2026 Idealny spos\u00f3b na Cejlon?<\/em><\/strong> Spotkanie wsp\u00f3\u0142organizowane z &nbsp;ACKiM UMCS Chatka \u017baka, Lifestyle w Chatce \u017baka i Przez \u015awiat. Spotkania z podr\u00f3\u017c\u0105 i SKPB Lublin.<\/p>\n\n\n\n<p>Zapraszamy!<\/p>\n\n\n\n<p>O prelekcji<\/p>\n\n\n\n<p>Sri Lanka &#8211; wyspa nazywana \u201e\u0141z\u0105 Indii&#8221;, \u201eWysp\u0105 Nauki&#8221; lub \u201ePer\u0142\u0105 Oceanu Indyjskiego&#8221;. Wielu osobom kojarzy si\u0119 z herbat\u0105, s\u0142oniami i rajskimi pla\u017cami. Ale Cejlon, naznaczony w ostatnich latach wewn\u0119trznymi kryzysami politycznymi oraz naturalnymi katastrofami, to r\u00f3wnie\u017c niesamowita przyroda, kultura i mieszka\u0144cy. Czy istnieje idealny spos\u00f3b, aby pozna\u0107 Sri Lank\u0119?<\/p>\n\n\n\n<p>dr Katarzyna Mi\u0119siak-W\u00f3jcik<\/p>\n\n\n\n<p>pracownik badawczo-dydaktyczny w Katedrze Hydrologii i Klimatologii UMCS w Lublinie. Cz\u0142onkini Klubu Wysokog\u00f3rskiego Lublin oraz Zarz\u0105du Oddzia\u0142u Lubelskiego Polskiego Towarzystwa Geograficznego.<\/p>\n","protected":false},"excerpt":{"rendered":"<p>Zapraszamy na kolejny odczyt organizowany przez Oddzia\u0142 Lubelski Polskiego Towarzystwa Geograficznego, kt\u00f3ry odb\u0119dzie w najbli\u017cszy czwartek, 16 stycznia 2025 r., [&hellip;]<\/p>\n","protected":false},"author":3,"featured_media":782,"comment_status":"open","ping_status":"open","sticky":false,"template":"","format":"standard","meta":{"footnotes":""},"categories":[7],"tags":[],"class_list":["post-781","post","type-post","status-publish","format-standard","has-post-thumbnail","hentry","category-odczyt"],"_links":{"self":[{"href":"https:\/\/ptgeogr.umcs.lublin.pl\/index.php\/wp-json\/wp\/v2\/posts\/781","targetHints":{"allow":["GET"]}}],"collection":[{"href":"https:\/\/ptgeogr.umcs.lublin.pl\/index.php\/wp-json\/wp\/v2\/posts"}],"about":[{"href":"https:\/\/ptgeogr.umcs.lublin.pl\/index.php\/wp-json\/wp\/v2\/types\/post"}],"author":[{"embeddable":true,"href":"https:\/\/ptgeogr.umcs.lublin.pl\/index.php\/wp-json\/wp\/v2\/users\/3"}],"replies":[{"embeddable":true,"href":"https:\/\/ptgeogr.umcs.lublin.pl\/index.php\/wp-json\/wp\/v2\/comments?post=781"}],"version-history":[{"count":1,"href":"https:\/\/ptgeogr.umcs.lublin.pl\/index.php\/wp-json\/wp\/v2\/posts\/781\/revisions"}],"predecessor-version":[{"id":783,"href":"https:\/\/ptgeogr.umcs.lublin.pl\/index.php\/wp-json\/wp\/v2\/posts\/781\/revisions\/783"}],"wp:featuredmedia":[{"embeddable":true,"href":"https:\/\/ptgeogr.umcs.lublin.pl\/index.php\/wp-json\/wp\/v2\/media\/782"}],"wp:attachment":[{"href":"https:\/\/ptgeogr.umcs.lublin.pl\/index.php\/wp-json\/wp\/v2\/media?parent=781"}],"wp:term":[{"taxonomy":"category","embeddable":true,"href":"https:\/\/ptgeogr.umcs.lublin.pl\/index.php\/wp-json\/wp\/v2\/categories?post=781"},{"taxonomy":"post_tag","embeddable":true,"href":"https:\/\/ptgeogr.umcs.lublin.pl\/index.php\/wp-json\/wp\/v2\/tags?post=781"}],"curies":[{"name":"wp","href":"https:\/\/api.w.org\/{rel}","templated":true}]}}