{"id":788,"date":"2025-01-29T08:46:06","date_gmt":"2025-01-29T07:46:06","guid":{"rendered":"https:\/\/ptgeogr.umcs.lublin.pl\/?p=788"},"modified":"2025-01-29T08:46:07","modified_gmt":"2025-01-29T07:46:07","slug":"szwajcaria-jakiej-nie-znacie","status":"publish","type":"post","link":"https:\/\/ptgeogr.umcs.lublin.pl\/index.php\/2025\/01\/29\/szwajcaria-jakiej-nie-znacie\/","title":{"rendered":"Szwajcaria jakiej nie znacie"},"content":{"rendered":"\n<p>W najbli\u017cszy czwartek, <strong>30 stycznia br. o godz. 17.15<\/strong>, zapraszamy na ostatni w semestrze zimowym odczyt przygotowany przez Oddzia\u0142 Lubelski Polskiego Towarzystwa Geograficznego. Naszym Go\u015bciem b\u0119dzie <strong>dr Marian Butkiewicz<\/strong>, kt\u00f3ry przedstawi wyk\u0142ad <strong><em>\u201eSzwajcaria jakiej nie znacie\u201d<\/em><\/strong>. Spotkanie odb\u0119dzie si\u0119 w Auli Wydzia\u0142u NoZiGP (al. Kra\u015bnicka 2d, 1 pi\u0119tro). Zapraszamy!<\/p>\n\n\n\n<p><br><strong>O Prelegencie i odczycie<\/strong><br>Marian Butkiewicz przez 38 lat pracowa\u0142 w bibliotekach uczelnianych Lublina. Od szeregu lat jest cz\u0142onkiem Stowarzyszenia Bibliotekarzy Polskich zajmuj\u0105c poczesne funkcje w strukturach og\u00f3lnokrajowych, jak i lokalnych.<br>Niniejsza prezentacja jest zbudowana na wra\u017ceniach z ubieg\u0142orocznej, wrze\u015bniowej wycieczki do Szwajcarii, w kt\u00f3rej licznie uczestniczyli cz\u0142onkowie OL PTG z Lublina. Prelegent podzieli si\u0119 r\u00f3wnie\u017c swoj\u0105 wiedz\u0105 o Szwajcarach, kt\u00f3r\u0105 zdoby\u0142 podczas wcze\u015bniejszych pobyt\u00f3w w tym kraju.<\/p>\n","protected":false},"excerpt":{"rendered":"<p>W najbli\u017cszy czwartek, 30 stycznia br. o godz. 17.15, zapraszamy na ostatni w semestrze zimowym odczyt przygotowany przez Oddzia\u0142 Lubelski [&hellip;]<\/p>\n","protected":false},"author":3,"featured_media":789,"comment_status":"open","ping_status":"open","sticky":false,"template":"","format":"standard","meta":{"footnotes":""},"categories":[1],"tags":[],"class_list":["post-788","post","type-post","status-publish","format-standard","has-post-thumbnail","hentry","category-bez-kategorii"],"_links":{"self":[{"href":"https:\/\/ptgeogr.umcs.lublin.pl\/index.php\/wp-json\/wp\/v2\/posts\/788","targetHints":{"allow":["GET"]}}],"collection":[{"href":"https:\/\/ptgeogr.umcs.lublin.pl\/index.php\/wp-json\/wp\/v2\/posts"}],"about":[{"href":"https:\/\/ptgeogr.umcs.lublin.pl\/index.php\/wp-json\/wp\/v2\/types\/post"}],"author":[{"embeddable":true,"href":"https:\/\/ptgeogr.umcs.lublin.pl\/index.php\/wp-json\/wp\/v2\/users\/3"}],"replies":[{"embeddable":true,"href":"https:\/\/ptgeogr.umcs.lublin.pl\/index.php\/wp-json\/wp\/v2\/comments?post=788"}],"version-history":[{"count":1,"href":"https:\/\/ptgeogr.umcs.lublin.pl\/index.php\/wp-json\/wp\/v2\/posts\/788\/revisions"}],"predecessor-version":[{"id":790,"href":"https:\/\/ptgeogr.umcs.lublin.pl\/index.php\/wp-json\/wp\/v2\/posts\/788\/revisions\/790"}],"wp:featuredmedia":[{"embeddable":true,"href":"https:\/\/ptgeogr.umcs.lublin.pl\/index.php\/wp-json\/wp\/v2\/media\/789"}],"wp:attachment":[{"href":"https:\/\/ptgeogr.umcs.lublin.pl\/index.php\/wp-json\/wp\/v2\/media?parent=788"}],"wp:term":[{"taxonomy":"category","embeddable":true,"href":"https:\/\/ptgeogr.umcs.lublin.pl\/index.php\/wp-json\/wp\/v2\/categories?post=788"},{"taxonomy":"post_tag","embeddable":true,"href":"https:\/\/ptgeogr.umcs.lublin.pl\/index.php\/wp-json\/wp\/v2\/tags?post=788"}],"curies":[{"name":"wp","href":"https:\/\/api.w.org\/{rel}","templated":true}]}}