{"id":802,"date":"2025-02-09T19:24:21","date_gmt":"2025-02-09T18:24:21","guid":{"rendered":"https:\/\/ptgeogr.umcs.lublin.pl\/?p=802"},"modified":"2025-02-09T19:34:30","modified_gmt":"2025-02-09T18:34:30","slug":"laureaci-etapu-okregowego-li-olimpiady-geograficznej-w-lublinie-8-9-02-2025","status":"publish","type":"post","link":"https:\/\/ptgeogr.umcs.lublin.pl\/index.php\/2025\/02\/09\/laureaci-etapu-okregowego-li-olimpiady-geograficznej-w-lublinie-8-9-02-2025\/","title":{"rendered":"Znamy laureat\u00f3w etapu okr\u0119gowego LI Olimpiady Geograficznej"},"content":{"rendered":"\n<p>Z rado\u015bci\u0105 przedstawiamy list\u0119 laureat\u00f3w etapu okr\u0119gowego LI Olimpiady Geograficznej w Lublinie, kt\u00f3ry odby\u0142 si\u0119 w dniach 8-9 lutego br.<\/p>\n\n\n\n<p>Lista laureat\u00f3w dost\u0119pna tutaj: [<a href=\"https:\/\/phavi.umcs.pl\/at\/attachments\/2025\/0209\/192307-laureaci-etapu-lublin-9luty2025.pdf\" data-type=\"link\" data-id=\"https:\/\/phavi.umcs.pl\/at\/attachments\/2025\/0209\/192307-laureaci-etapu-lublin-9luty2025.pdf\" target=\"_blank\" rel=\"noreferrer noopener\">Laureaci etapu okr\u0119gowego (PDF)<\/a>]<\/p>\n\n\n\n<p>Gratulujemy wszystkim uczestnikom, a najlepszym \u017cyczymy sukces\u00f3w w etapie centralnym!<\/p>\n\n\n\n<p><\/p>\n","protected":false},"excerpt":{"rendered":"<p>Z rado\u015bci\u0105 przedstawiamy list\u0119 laureat\u00f3w etapu okr\u0119gowego LI Olimpiady Geograficznej w Lublinie, kt\u00f3ry odby\u0142 si\u0119 w dniach 8-9 lutego br. [&hellip;]<\/p>\n","protected":false},"author":3,"featured_media":805,"comment_status":"open","ping_status":"open","sticky":false,"template":"","format":"standard","meta":{"footnotes":""},"categories":[1,12],"tags":[],"class_list":["post-802","post","type-post","status-publish","format-standard","has-post-thumbnail","hentry","category-bez-kategorii","category-olimpiada-geograficzna"],"_links":{"self":[{"href":"https:\/\/ptgeogr.umcs.lublin.pl\/index.php\/wp-json\/wp\/v2\/posts\/802","targetHints":{"allow":["GET"]}}],"collection":[{"href":"https:\/\/ptgeogr.umcs.lublin.pl\/index.php\/wp-json\/wp\/v2\/posts"}],"about":[{"href":"https:\/\/ptgeogr.umcs.lublin.pl\/index.php\/wp-json\/wp\/v2\/types\/post"}],"author":[{"embeddable":true,"href":"https:\/\/ptgeogr.umcs.lublin.pl\/index.php\/wp-json\/wp\/v2\/users\/3"}],"replies":[{"embeddable":true,"href":"https:\/\/ptgeogr.umcs.lublin.pl\/index.php\/wp-json\/wp\/v2\/comments?post=802"}],"version-history":[{"count":4,"href":"https:\/\/ptgeogr.umcs.lublin.pl\/index.php\/wp-json\/wp\/v2\/posts\/802\/revisions"}],"predecessor-version":[{"id":809,"href":"https:\/\/ptgeogr.umcs.lublin.pl\/index.php\/wp-json\/wp\/v2\/posts\/802\/revisions\/809"}],"wp:featuredmedia":[{"embeddable":true,"href":"https:\/\/ptgeogr.umcs.lublin.pl\/index.php\/wp-json\/wp\/v2\/media\/805"}],"wp:attachment":[{"href":"https:\/\/ptgeogr.umcs.lublin.pl\/index.php\/wp-json\/wp\/v2\/media?parent=802"}],"wp:term":[{"taxonomy":"category","embeddable":true,"href":"https:\/\/ptgeogr.umcs.lublin.pl\/index.php\/wp-json\/wp\/v2\/categories?post=802"},{"taxonomy":"post_tag","embeddable":true,"href":"https:\/\/ptgeogr.umcs.lublin.pl\/index.php\/wp-json\/wp\/v2\/tags?post=802"}],"curies":[{"name":"wp","href":"https:\/\/api.w.org\/{rel}","templated":true}]}}