{"id":849,"date":"2025-03-25T08:53:30","date_gmt":"2025-03-25T07:53:30","guid":{"rendered":"https:\/\/ptgeogr.umcs.lublin.pl\/?p=849"},"modified":"2025-03-25T08:54:35","modified_gmt":"2025-03-25T07:54:35","slug":"trzy-brzegi-afryki","status":"publish","type":"post","link":"https:\/\/ptgeogr.umcs.lublin.pl\/index.php\/2025\/03\/25\/trzy-brzegi-afryki\/","title":{"rendered":"Trzy brzegi Afryki"},"content":{"rendered":"\n<p><strong>W najbli\u017cszy czwartek, 27 marca br., o godz. 17.15<\/strong> zapraszamy na kolejn\u0105 prelekcj\u0119 organizowan\u0105 przez Oddzia\u0142 Lubelski Polskiego Towarzystwa Geograficznego. Naszym Go\u015bciem b\u0119dzie <strong>dr Ma\u0142gorzata Telecka<\/strong>, kt\u00f3ra podczas odczytu <strong>\u201eTrzy brzegi Afryki\u201d <\/strong>przedstawi nam swoje spostrze\u017cenia z kilkukrotnych podr\u00f3\u017cy na ten pi\u0119kny i zr\u00f3\u017cnicowany kontynent. Na spotkanie zapraszamy do Auli Wydzia\u0142u NoZiGP UMCS (al. Kra\u015bnicka 2D w Lublinie, I pi\u0119tro). Wst\u0119p wolny! Zapraszamy!<\/p>\n\n\n\n<p><strong><u>O odczycie od Prelegentki:<\/u><\/strong><\/p>\n\n\n\n<p>Afryka jest biedna, zaniedbana, brudna, \u017cyje jedynie z dar\u00f3w i pomocy organizacji mi\u0119dzynarodowych, ludzie tam s\u0105 leniwi, niewykszta\u0142ceni, wybijaj\u0105 si\u0119 nawzajem, a ich \u015bwiatopogl\u0105d jest\u2026 \u015bredniowieczny.<\/p>\n\n\n\n<p>Takie stereotypy nadal s\u0105 zakorzenione w \u015bwiadomo\u015bci wi\u0119kszo\u015bci Europejczyk\u00f3w, Amerykan\u00f3w i Azjat\u00f3w. St\u0105d te\u017c stosunkowo niewielkie zainteresowanie turyst\u00f3w tym najpi\u0119kniejszym (ocena obiektywna) kontynentem \u015bwiata. Czy Afryk\u0119 mo\u017cna \u201eodczarowa\u0107\u201d? Czy w Afryce naprawd\u0119 jest niebezpiecznie? Czy mo\u017ce najwy\u017cszy czas, by odkry\u0107 j\u0105 na nowo i korzysta\u0107 z jej bogactwa przyrodniczego i kulturowego wspieraj\u0105c jednocze\u015bnie rozw\u00f3j kraj\u00f3w afryka\u0144skich? Dlatego opisz\u0119 j\u0105 z punktu widzenia turysty, a nie podr\u00f3\u017cnika.<\/p>\n\n\n\n<p>Moja znajomo\u015b\u0107 Afryki jest w dalszym ci\u0105gu zbyt ma\u0142a, ale darz\u0119 Afryk\u0119 wielkim i chyba odwzajemnionym uczuciem. I mam wra\u017cenie, \u017ce rozumiemy si\u0119 nawzajem. Bez uprzedze\u0144 i dyskryminacji, z pr\u00f3b\u0105 zrozumienia tych wszystkich uwarunkowa\u0144.<\/p>\n\n\n\n<p>Afryka to nie pa\u0144stwo, r\u00f3\u017cne miejsca maj\u0105 nieco odmienn\u0105 histori\u0119, kultur\u0119, religi\u0119. Tym razem poka\u017c\u0119 Afryk\u0119 pokazuj\u0105c cztery pa\u0144stwa po\u0142o\u017cone na trzech wybrze\u017cach: Tunezj\u0119, Keni\u0119, Senegal i Gambi\u0119.<\/p>\n\n\n\n<p><strong><u>Ma\u0142gorzata Telecka<\/u><\/strong><\/p>\n\n\n\n<p>Geograf z wykszta\u0142cenia i zami\u0142owania. Lubi\u0119 odwiedza\u0107 r\u00f3\u017cne miejsca, ale nie uwa\u017cam si\u0119 za podr\u00f3\u017cnika. Raczej za wykwalifikowanego turyst\u0119, kt\u00f3ry chce wiedzie\u0107 po czym depcze i na co patrzy. Po spe\u0142nieniu wielkiego snu o Wyspie Wielkanocnej, zacz\u0119\u0142am realizowa\u0107 sw\u00f3j sen o Afryce. Pomalutku, bo drogo, zaczynam poznawa\u0107 kolejne afryka\u0144skie kraje i ich mieszka\u0144c\u00f3w.<\/p>\n","protected":false},"excerpt":{"rendered":"<p>W najbli\u017cszy czwartek, 27 marca br., o godz. 17.15 zapraszamy na kolejn\u0105 prelekcj\u0119 organizowan\u0105 przez Oddzia\u0142 Lubelski Polskiego Towarzystwa Geograficznego. [&hellip;]<\/p>\n","protected":false},"author":3,"featured_media":850,"comment_status":"open","ping_status":"open","sticky":false,"template":"","format":"standard","meta":{"footnotes":""},"categories":[7],"tags":[],"class_list":["post-849","post","type-post","status-publish","format-standard","has-post-thumbnail","hentry","category-odczyt"],"_links":{"self":[{"href":"https:\/\/ptgeogr.umcs.lublin.pl\/index.php\/wp-json\/wp\/v2\/posts\/849","targetHints":{"allow":["GET"]}}],"collection":[{"href":"https:\/\/ptgeogr.umcs.lublin.pl\/index.php\/wp-json\/wp\/v2\/posts"}],"about":[{"href":"https:\/\/ptgeogr.umcs.lublin.pl\/index.php\/wp-json\/wp\/v2\/types\/post"}],"author":[{"embeddable":true,"href":"https:\/\/ptgeogr.umcs.lublin.pl\/index.php\/wp-json\/wp\/v2\/users\/3"}],"replies":[{"embeddable":true,"href":"https:\/\/ptgeogr.umcs.lublin.pl\/index.php\/wp-json\/wp\/v2\/comments?post=849"}],"version-history":[{"count":1,"href":"https:\/\/ptgeogr.umcs.lublin.pl\/index.php\/wp-json\/wp\/v2\/posts\/849\/revisions"}],"predecessor-version":[{"id":851,"href":"https:\/\/ptgeogr.umcs.lublin.pl\/index.php\/wp-json\/wp\/v2\/posts\/849\/revisions\/851"}],"wp:featuredmedia":[{"embeddable":true,"href":"https:\/\/ptgeogr.umcs.lublin.pl\/index.php\/wp-json\/wp\/v2\/media\/850"}],"wp:attachment":[{"href":"https:\/\/ptgeogr.umcs.lublin.pl\/index.php\/wp-json\/wp\/v2\/media?parent=849"}],"wp:term":[{"taxonomy":"category","embeddable":true,"href":"https:\/\/ptgeogr.umcs.lublin.pl\/index.php\/wp-json\/wp\/v2\/categories?post=849"},{"taxonomy":"post_tag","embeddable":true,"href":"https:\/\/ptgeogr.umcs.lublin.pl\/index.php\/wp-json\/wp\/v2\/tags?post=849"}],"curies":[{"name":"wp","href":"https:\/\/api.w.org\/{rel}","templated":true}]}}