{"id":860,"date":"2025-04-06T18:18:30","date_gmt":"2025-04-06T16:18:30","guid":{"rendered":"https:\/\/ptgeogr.umcs.lublin.pl\/?p=860"},"modified":"2025-04-06T18:18:30","modified_gmt":"2025-04-06T16:18:30","slug":"od-biblijnego-potopu-po-flash-flood-czyli-o-geozagrozeniach-hydrologicznych","status":"publish","type":"post","link":"https:\/\/ptgeogr.umcs.lublin.pl\/index.php\/2025\/04\/06\/od-biblijnego-potopu-po-flash-flood-czyli-o-geozagrozeniach-hydrologicznych\/","title":{"rendered":"Od biblijnego potopu po flash flood, czyli o geozagro\u017ceniach hydrologicznych"},"content":{"rendered":"\n<p>Serdecznie zapraszamy do udzia\u0142u w cyklu wyk\u0142ad\u00f3w uniwersyteckich zwi\u0105zanych z tematyk\u0105 geograficzn\u0105 przeznaczonych dla uczni\u00f3w szk\u00f3\u0142 \u015brednich (i nie tylko!). Wyk\u0142ady odbywaj\u0105 si\u0119 w&nbsp; ramach odczyt\u00f3w Oddzia\u0142u Lubelskiego Polskiego Towarzystwa Geograficznego na Wydziale Nauk o Ziemi i Gospodarki Przestrzennej UMCS w Lublinie.<\/p>\n\n\n\n<p>Drugi odczyt pt. <strong><em>Od biblijnego potopu po flash flood, czyli o geozagro\u017ceniach hydrologicznych<\/em><\/strong> wyg\u0142osi <strong>dr Joanna Spos\u00f3b.<\/strong> Czas trwania wyk\u0142adu to ok. 60 minut.<\/p>\n\n\n\n<p><strong>Termin: 10 kwietnia 2025 r., godzina 13.30 (!)<\/strong><\/p>\n\n\n\n<p><strong>Miejsce:<\/strong> Aula Wydzia\u0142u Nauk o Ziemi i Gospodarki Przestrzennej UMCS (al. Kra\u015bnika 2d, 20-718 Lublin)<\/p>\n\n\n\n<p><strong>O wyk\u0142adzie<\/strong><\/p>\n\n\n\n<p>Pow\u00f3d\u017a jest zjawiskiem, kt\u00f3re wyst\u0119puje od zarania dziej\u00f3w. O tych najdawniejszych wiemy z przekaz\u00f3w i zapisk\u00f3w kronikarskich, najnowsze mo\u017cemy obserwowa\u0107 i bada\u0107 za pomoc\u0105 nowoczesnych technologii. Podczas wyk\u0142adu poruszone b\u0119d\u0105 zagadnienia: czym s\u0105 wezbrania i powodzie, jakie s\u0105 ich przyczyny oraz kt\u00f3re czynniki modyfikuj\u0105 ich przebieg. Pokazane zostan\u0105 przyk\u0142ady z Polski i \u015awiata dokumentuj\u0105ce r\u00f3\u017cne rodzaje powodzi, w tym typu b\u0142yskawicznego oraz znaczenie i konsekwencje tego geozagro\u017cenia pod wzgl\u0119dem przyrodniczym, spo\u0142ecznym, ekonomicznym oraz kulturowym.<\/p>\n","protected":false},"excerpt":{"rendered":"<p>Serdecznie zapraszamy do udzia\u0142u w cyklu wyk\u0142ad\u00f3w uniwersyteckich zwi\u0105zanych z tematyk\u0105 geograficzn\u0105 przeznaczonych dla uczni\u00f3w szk\u00f3\u0142 \u015brednich (i nie tylko!). [&hellip;]<\/p>\n","protected":false},"author":3,"featured_media":861,"comment_status":"open","ping_status":"open","sticky":false,"template":"","format":"standard","meta":{"footnotes":""},"categories":[7],"tags":[],"class_list":["post-860","post","type-post","status-publish","format-standard","has-post-thumbnail","hentry","category-odczyt"],"_links":{"self":[{"href":"https:\/\/ptgeogr.umcs.lublin.pl\/index.php\/wp-json\/wp\/v2\/posts\/860","targetHints":{"allow":["GET"]}}],"collection":[{"href":"https:\/\/ptgeogr.umcs.lublin.pl\/index.php\/wp-json\/wp\/v2\/posts"}],"about":[{"href":"https:\/\/ptgeogr.umcs.lublin.pl\/index.php\/wp-json\/wp\/v2\/types\/post"}],"author":[{"embeddable":true,"href":"https:\/\/ptgeogr.umcs.lublin.pl\/index.php\/wp-json\/wp\/v2\/users\/3"}],"replies":[{"embeddable":true,"href":"https:\/\/ptgeogr.umcs.lublin.pl\/index.php\/wp-json\/wp\/v2\/comments?post=860"}],"version-history":[{"count":1,"href":"https:\/\/ptgeogr.umcs.lublin.pl\/index.php\/wp-json\/wp\/v2\/posts\/860\/revisions"}],"predecessor-version":[{"id":862,"href":"https:\/\/ptgeogr.umcs.lublin.pl\/index.php\/wp-json\/wp\/v2\/posts\/860\/revisions\/862"}],"wp:featuredmedia":[{"embeddable":true,"href":"https:\/\/ptgeogr.umcs.lublin.pl\/index.php\/wp-json\/wp\/v2\/media\/861"}],"wp:attachment":[{"href":"https:\/\/ptgeogr.umcs.lublin.pl\/index.php\/wp-json\/wp\/v2\/media?parent=860"}],"wp:term":[{"taxonomy":"category","embeddable":true,"href":"https:\/\/ptgeogr.umcs.lublin.pl\/index.php\/wp-json\/wp\/v2\/categories?post=860"},{"taxonomy":"post_tag","embeddable":true,"href":"https:\/\/ptgeogr.umcs.lublin.pl\/index.php\/wp-json\/wp\/v2\/tags?post=860"}],"curies":[{"name":"wp","href":"https:\/\/api.w.org\/{rel}","templated":true}]}}