{"id":908,"date":"2025-10-19T15:29:35","date_gmt":"2025-10-19T13:29:35","guid":{"rendered":"https:\/\/ptgeogr.umcs.lublin.pl\/?p=908"},"modified":"2025-10-19T15:29:37","modified_gmt":"2025-10-19T13:29:37","slug":"z-lolka-dookola-baltyku","status":"publish","type":"post","link":"https:\/\/ptgeogr.umcs.lublin.pl\/index.php\/2025\/10\/19\/z-lolka-dookola-baltyku\/","title":{"rendered":"Z Lolk\u0105 dooko\u0142a Ba\u0142tyku"},"content":{"rendered":"\n<p>Ju\u017c w najbli\u017cszy <strong>czwartek (23 pa\u017adziernika br.) o godz. 17.15<\/strong> zapraszamy na pierwsze powakacyjne spotkanie w ramach cotygodniowych wyk\u0142ad\u00f3w przygotowanych przez <strong>Oddzia\u0142 Lubelski Polskiego Towarzystwa Geograficznego<\/strong>. Cykl odczyt\u00f3w w roku akademickim 2025\/2026 zainauguruje <strong>dr Ma\u0142gorzata Telecka<\/strong> z Uniwersytetu Marii Curie-Sk\u0142odowskiej, kt\u00f3ra podczas prelekcji <strong>\u201eZ Lolk\u0105 dooko\u0142a Ba\u0142tyku\u201d<\/strong> zaprezentuje nam kulisy swojej rowerowej wyprawy wok\u00f3\u0142 Morza Ba\u0142tyckiego. Spotkanie b\u0119dzie po\u0142\u0105czone z promocj\u0105 ksi\u0105\u017cki Prelegentki.<\/p>\n\n\n\n<p>Miejsce spotkania: Aula na Wydziale NoZiGP UMCS w Lublinie (I pi\u0119tro, al. Kra\u015bnicka 2D). Wst\u0119p wolny!<\/p>\n\n\n\n<p>O odczycie od Prelegentki:<\/p>\n\n\n\n<p>\u201eZnowu ruszamy z Lolk\u0105 w tras\u0119! Mia\u0142y\u015bmy dwa lata na odpoczynek po wyprawie przez Europ\u0119 Zachodni\u0105 i jeste\u015bmy gotowe na now\u0105 przygod\u0119! Poniewa\u017c we Francji zmarz\u0142am koszmarnie, jak to bywa w krajach po\u0142udniowych, to teraz jedziemy na p\u00f3\u0142noc, w nadziei, \u017ce b\u0119dzie tam cieplej ni\u017c na po\u0142udniu.<\/p>\n\n\n\n<p>Je\u015bli kto\u015b jeszcze nie zna Lolki, to przedstawiam moj\u0105 niemal dziewi\u0119cioletni\u0105 suni\u0119 z krzesimowskiego schroniska. Przez lata z zahukanego, przestraszonego grubego stwora zmieni\u0142a si\u0119 w obyt\u0105 w \u015bwiecie lask\u0119. W nabraniu pewno\u015bci siebie pomog\u0142y jej nasze wyprawy: rowerowa trasa Green Velo, kt\u00f3r\u0105 \u201ezaliczy\u0142y\u015bmy\u201d z Roztocza do Elbl\u0105ga, wyjazdy nad Ba\u0142tyk i w Bieszczady, zwiedzanie \u201enaszego\u201d Pojezierza \u0141\u0119czy\u0144sko-W\u0142odawskiego, a przede wszystkim wyprawa przez sze\u015b\u0107 kraj\u00f3w Europy, kt\u00f3r\u0105 zd\u0105\u017cy\u0142y\u015bmy odby\u0107 przed pandemi\u0105. Tym razem jedziemy na rowerow\u0105 tras\u0119 R10, Euro Velo 10 lub Via Baltica jak kto\u015b woli. Jest to szlak rowerowy dooko\u0142a Ba\u0142tyku. Wiadomo, \u017ce ca\u0142ego nie damy rady przejecha\u0107, ale dwa tysi\u0105ce kilometr\u00f3w powinno si\u0119 da\u0107.\u201d<\/p>\n\n\n\n<p><strong>Ma\u0142gorzata Telecka<\/strong><\/p>\n\n\n\n<p>Geograf i fizyk, adiunkt w Katedrze Geologii, Gleboznawstwa i Geoinformacji UMCS. Lubi odwiedza\u0107 r\u00f3\u017cne miejsca, ale nie uwa\u017ca si\u0119 za podr\u00f3\u017cnika. Raczej za wykwalifikowanego turyst\u0119, kt\u00f3ry chce wiedzie\u0107 po czym depcze i na co patrzy. Je\u015bli chodzi o zainteresowania \u2013 hybryda. Lubi podr\u00f3\u017cowa\u0107, ogl\u0105da\u0107 wszystko na w\u0142asne oczy, rozmawia\u0107 z lud\u017ami (nawet bez znajomo\u015bci j\u0119zyka, co bywa zabawne), ale frajd\u0119 sprawiaj\u0105 jej r\u00f3wnie\u017c zaj\u0119cia manualne jak haftowanie, wyplatanie koszyk\u00f3w i praca na tokarce \u263a. Wsp\u00f3\u0142autorka ksi\u0105\u017cki \u201eNazewnictwo geograficzne o polskiej genezie na \u015bwiecie\u201d (Wydawnictwo Uniwersytetu Marii Curie-Sk\u0142odowskiej, Lublin 2019) i autorka dw\u00f3ch pozycji z kategorii literatury podr\u00f3\u017cniczej \u201eRapa Nui. Subiektywny przewodnik po sekretach Wyspy Wielkanocnej\u201d (Wydawnictwo Novae Res, Gdynia 2018) i \u201eO psie, kt\u00f3ry je\u017adzi\u0142 nie tylko kolej\u0105, czyli Z LOLK\u0104 PO EUROPIE\u201d (Wydawnictwo Lubelskie AZ, Lublin 2021).<\/p>\n","protected":false},"excerpt":{"rendered":"<p>Ju\u017c w najbli\u017cszy czwartek (23 pa\u017adziernika br.) o godz. 17.15 zapraszamy na pierwsze powakacyjne spotkanie w ramach cotygodniowych wyk\u0142ad\u00f3w przygotowanych [&hellip;]<\/p>\n","protected":false},"author":3,"featured_media":909,"comment_status":"open","ping_status":"open","sticky":false,"template":"","format":"standard","meta":{"footnotes":""},"categories":[7],"tags":[],"class_list":["post-908","post","type-post","status-publish","format-standard","has-post-thumbnail","hentry","category-odczyt"],"_links":{"self":[{"href":"https:\/\/ptgeogr.umcs.lublin.pl\/index.php\/wp-json\/wp\/v2\/posts\/908","targetHints":{"allow":["GET"]}}],"collection":[{"href":"https:\/\/ptgeogr.umcs.lublin.pl\/index.php\/wp-json\/wp\/v2\/posts"}],"about":[{"href":"https:\/\/ptgeogr.umcs.lublin.pl\/index.php\/wp-json\/wp\/v2\/types\/post"}],"author":[{"embeddable":true,"href":"https:\/\/ptgeogr.umcs.lublin.pl\/index.php\/wp-json\/wp\/v2\/users\/3"}],"replies":[{"embeddable":true,"href":"https:\/\/ptgeogr.umcs.lublin.pl\/index.php\/wp-json\/wp\/v2\/comments?post=908"}],"version-history":[{"count":1,"href":"https:\/\/ptgeogr.umcs.lublin.pl\/index.php\/wp-json\/wp\/v2\/posts\/908\/revisions"}],"predecessor-version":[{"id":910,"href":"https:\/\/ptgeogr.umcs.lublin.pl\/index.php\/wp-json\/wp\/v2\/posts\/908\/revisions\/910"}],"wp:featuredmedia":[{"embeddable":true,"href":"https:\/\/ptgeogr.umcs.lublin.pl\/index.php\/wp-json\/wp\/v2\/media\/909"}],"wp:attachment":[{"href":"https:\/\/ptgeogr.umcs.lublin.pl\/index.php\/wp-json\/wp\/v2\/media?parent=908"}],"wp:term":[{"taxonomy":"category","embeddable":true,"href":"https:\/\/ptgeogr.umcs.lublin.pl\/index.php\/wp-json\/wp\/v2\/categories?post=908"},{"taxonomy":"post_tag","embeddable":true,"href":"https:\/\/ptgeogr.umcs.lublin.pl\/index.php\/wp-json\/wp\/v2\/tags?post=908"}],"curies":[{"name":"wp","href":"https:\/\/api.w.org\/{rel}","templated":true}]}}