{"id":964,"date":"2025-12-05T20:14:57","date_gmt":"2025-12-05T19:14:57","guid":{"rendered":"https:\/\/ptgeogr.umcs.lublin.pl\/?p=964"},"modified":"2025-12-05T22:02:40","modified_gmt":"2025-12-05T21:02:40","slug":"afrykanski-tryptyk-gorski","status":"publish","type":"post","link":"https:\/\/ptgeogr.umcs.lublin.pl\/index.php\/2025\/12\/05\/afrykanski-tryptyk-gorski\/","title":{"rendered":"Afryka\u0144ski tryptyk g\u00f3rski"},"content":{"rendered":"\n<p><strong>11 grudnia br. (najbli\u017cszy czwartek) o godz. 17.15<\/strong>\u00a0zapraszamy na kolejne spotkanie organizowane w ramach cotygodniowych wyk\u0142ad\u00f3w przygotowanych przez Oddzia\u0142 Lubelski Polskiego Towarzystwa Geograficznego.\u00a0<\/p>\n\n\n\n<p>Naszym Go\u015bciem b\u0119dzie&nbsp;<strong>dr Ilona Skibi\u0144ska-Fabrowska (UMCS),<\/strong>&nbsp;kt\u00f3ra wyg\u0142osi wyk\u0142ad&nbsp;<strong>\u201eAfryka\u0144ski tryptyk g\u00f3rski: Kilimand\u017caro, Ruwenzori, Toubkal\u201d<\/strong>.<\/p>\n\n\n\n<p>Spotkanie odb\u0119dzie si\u0119 w Auli Wydzia\u0142u NoZiGP UMCS (al. Kra\u015bnicka 2D w Lublinie, I pi\u0119tro). Zapraszamy!<\/p>\n\n\n\n<p><strong><u>O prelekcji od Prelegentki:<\/u><\/strong><\/p>\n\n\n\n<p>Afryka to nie tylko sawanny i dzika przyroda \u2013 to tak\u017ce g\u00f3ry pe\u0142ne kontrast\u00f3w i wyzwa\u0144. Podczas spotkania zapraszam na trzy niezwyk\u0142e wyprawy, kt\u00f3re pokazuj\u0105 kontynent z zupe\u0142nie innej perspektywy. Pierwsza prowadzi\u0142a na Toubkal w Maroku \u2013 g\u00f3r\u0119 wymagaj\u0105c\u0105 wytrzyma\u0142o\u015bci, w krajobrazach zupe\u0142nie innych ni\u017c tropikalne szczyty. Druga zabierze nas w serce Ugandy i masywu Ruwenzori, gdzie rzadko zdobywana Margerita odkryje surowe, mg\u0142\u0105 i chmurami spowite krajobrazy. Trzecia wyprawa zawiedzie nas do Tanzanii i na Kilimand\u017caro, najbardziej znany szczyt Afryki. W trakcie spotkania b\u0119dzie okazja by pozna\u0107 wyj\u0105tkowe krajobrazy i najwy\u017csze afryka\u0144skie szczyty. To opowie\u015b\u0107 o przygodzie, r\u00f3\u017cnorodno\u015bci i pi\u0119knie Afryki.<\/p>\n\n\n\n<p><strong>Ilona Skibi\u0144ska-Fabrowska<\/strong><\/p>\n\n\n\n<p>Jest przewodnikiem beskidzkim zwi\u0105zanym ze Studenckim Ko\u0142em Przewodnik\u00f3w Beskidzkich w Lublinie. Od 40 lat z pasj\u0105 w\u0119druje po g\u00f3rach, zar\u00f3wno bliskich, jak i bardziej egzotycznych, odkrywaj\u0105c ich pi\u0119kno. Z wykszta\u0142cenia jest ekonomist\u0105, co czasem pozwala jej spojrze\u0107 na odwiedzane miejsca tak\u017ce przez pryzmat gospodarki i spo\u0142ecznych zale\u017cno\u015bci. Jej do\u015bwiadczenie przewodnickie \u0142\u0105czy si\u0119 z ciekawo\u015bci\u0105 \u015bwiata i praktycznym podej\u015bciem do turystyki.<\/p>\n","protected":false},"excerpt":{"rendered":"<p>11 grudnia br. (najbli\u017cszy czwartek) o godz. 17.15\u00a0zapraszamy na kolejne spotkanie organizowane w ramach cotygodniowych wyk\u0142ad\u00f3w przygotowanych przez Oddzia\u0142 Lubelski [&hellip;]<\/p>\n","protected":false},"author":3,"featured_media":965,"comment_status":"open","ping_status":"open","sticky":false,"template":"","format":"standard","meta":{"footnotes":""},"categories":[7],"tags":[],"class_list":["post-964","post","type-post","status-publish","format-standard","has-post-thumbnail","hentry","category-odczyt"],"_links":{"self":[{"href":"https:\/\/ptgeogr.umcs.lublin.pl\/index.php\/wp-json\/wp\/v2\/posts\/964","targetHints":{"allow":["GET"]}}],"collection":[{"href":"https:\/\/ptgeogr.umcs.lublin.pl\/index.php\/wp-json\/wp\/v2\/posts"}],"about":[{"href":"https:\/\/ptgeogr.umcs.lublin.pl\/index.php\/wp-json\/wp\/v2\/types\/post"}],"author":[{"embeddable":true,"href":"https:\/\/ptgeogr.umcs.lublin.pl\/index.php\/wp-json\/wp\/v2\/users\/3"}],"replies":[{"embeddable":true,"href":"https:\/\/ptgeogr.umcs.lublin.pl\/index.php\/wp-json\/wp\/v2\/comments?post=964"}],"version-history":[{"count":2,"href":"https:\/\/ptgeogr.umcs.lublin.pl\/index.php\/wp-json\/wp\/v2\/posts\/964\/revisions"}],"predecessor-version":[{"id":967,"href":"https:\/\/ptgeogr.umcs.lublin.pl\/index.php\/wp-json\/wp\/v2\/posts\/964\/revisions\/967"}],"wp:featuredmedia":[{"embeddable":true,"href":"https:\/\/ptgeogr.umcs.lublin.pl\/index.php\/wp-json\/wp\/v2\/media\/965"}],"wp:attachment":[{"href":"https:\/\/ptgeogr.umcs.lublin.pl\/index.php\/wp-json\/wp\/v2\/media?parent=964"}],"wp:term":[{"taxonomy":"category","embeddable":true,"href":"https:\/\/ptgeogr.umcs.lublin.pl\/index.php\/wp-json\/wp\/v2\/categories?post=964"},{"taxonomy":"post_tag","embeddable":true,"href":"https:\/\/ptgeogr.umcs.lublin.pl\/index.php\/wp-json\/wp\/v2\/tags?post=964"}],"curies":[{"name":"wp","href":"https:\/\/api.w.org\/{rel}","templated":true}]}}